{"id":963,"date":"2019-12-07T09:01:47","date_gmt":"2019-12-07T09:01:47","guid":{"rendered":"http:\/\/grundschule-wichern.de\/?p=963"},"modified":"2020-02-07T20:32:01","modified_gmt":"2020-02-07T20:32:01","slug":"basteltag-zur-weihnachtszeit","status":"publish","type":"post","link":"http:\/\/grundschule-wichern.de\/?p=963","title":{"rendered":"Basteltag zur Weihnachtszeit"},"content":{"rendered":"<p>Wie in jedem Jahr basteln alle Sch\u00fclerinnen und Sch\u00fcler vor dem Beginn der Adventszeit viele sch\u00f6ne Dinge an unserem Basteltag, um unsere Schule weihnachtlich zu gestalten.<br \/>In kooperativen Projekten unterst\u00fctzen die Paten die Schulanf\u00e4nger. Bald sind die Fenster der Klassen und Flure festlich gestaltet. Der Hausmeister k\u00fcmmert sich um den Weihnachtsbaum, der im Haupteingang zu finden ist.<\/p>\n<p>In den Klassen h\u00e4ngen nun auch die Adventskalender, die von den Lehrerinnen und Lehrern mit kleinen \u00dcberraschungen gef\u00fcllt werden, um die Wartezeit bis auf das gro\u00dfe Fest zu vers\u00fc\u00dfen.<\/p>\n<p>Wir w\u00fcnschen Ihnen und Ihren Familien eine sch\u00f6ne und besinnliche Weihnachtszeit.<\/p>\n\n\n<p style=\"padding:1px\" class=\"wp-block-photo-gallery-image-index\">\n<div class=\"gdgallery-gallery-container\" id=\"gdgallery-container-7\" data-id=\"7\">\n    \n<div id=\"gdgallery_container_7\" style=\"display:none;\" data-view=\"justified\">\n            <a href=\"\" target=\"_blank\">\n            <img decoding=\"async\" alt=\"\"\n                 data-type=\"image\"\n                 src=\"http:\/\/grundschule-wichern.de\/wp-content\/uploads\/2019\/12\/5e8ac790-cb11-4825-bf8e-40ca15678d59.jpg\"\n                 data-image=\"http:\/\/grundschule-wichern.de\/wp-content\/uploads\/2019\/12\/5e8ac790-cb11-4825-bf8e-40ca15678d59.jpg\"\n                 data-description=\"\"\n                                 style=\"display:block\">\n        <\/a>\n            <a href=\"\" target=\"_blank\">\n            <img decoding=\"async\" alt=\"\"\n                 data-type=\"image\"\n                 src=\"http:\/\/grundschule-wichern.de\/wp-content\/uploads\/2019\/12\/7261816e-a3ac-4795-af05-dabd72485bd7.jpg\"\n                 data-image=\"http:\/\/grundschule-wichern.de\/wp-content\/uploads\/2019\/12\/7261816e-a3ac-4795-af05-dabd72485bd7.jpg\"\n                 data-description=\"\"\n                                 style=\"display:block\">\n        <\/a>\n            <a href=\"\" target=\"_blank\">\n            <img decoding=\"async\" alt=\"\"\n                 data-type=\"image\"\n                 src=\"http:\/\/grundschule-wichern.de\/wp-content\/uploads\/2019\/12\/b09ff764-b0a9-4c5e-9d83-2565ba7c1113.jpg\"\n                 data-image=\"http:\/\/grundschule-wichern.de\/wp-content\/uploads\/2019\/12\/b09ff764-b0a9-4c5e-9d83-2565ba7c1113.jpg\"\n                 data-description=\"\"\n                                 style=\"display:block\">\n        <\/a>\n            <a href=\"\" target=\"_blank\">\n            <img decoding=\"async\" alt=\"\"\n                 data-type=\"image\"\n                 src=\"http:\/\/grundschule-wichern.de\/wp-content\/uploads\/2019\/12\/IMG_1627-scaled.jpg\"\n                 data-image=\"http:\/\/grundschule-wichern.de\/wp-content\/uploads\/2019\/12\/IMG_1627-scaled.jpg\"\n                 data-description=\"\"\n                                 style=\"display:block\">\n        <\/a>\n            <a href=\"\" target=\"_blank\">\n            <img decoding=\"async\" alt=\"\"\n                 data-type=\"image\"\n                 src=\"http:\/\/grundschule-wichern.de\/wp-content\/uploads\/2019\/12\/IMG_2599-scaled.jpg\"\n                 data-image=\"http:\/\/grundschule-wichern.de\/wp-content\/uploads\/2019\/12\/IMG_2599-scaled.jpg\"\n                 data-description=\"\"\n                                 style=\"display:block\">\n        <\/a>\n            <a href=\"\" target=\"_blank\">\n            <img decoding=\"async\" alt=\"\"\n                 data-type=\"image\"\n                 src=\"http:\/\/grundschule-wichern.de\/wp-content\/uploads\/2019\/12\/IMG_3959-scaled.jpg\"\n                 data-image=\"http:\/\/grundschule-wichern.de\/wp-content\/uploads\/2019\/12\/IMG_3959-scaled.jpg\"\n                 data-description=\"\"\n                                 style=\"display:block\">\n        <\/a>\n            <a href=\"\" target=\"_blank\">\n            <img decoding=\"async\" alt=\"\"\n                 data-type=\"image\"\n                 src=\"http:\/\/grundschule-wichern.de\/wp-content\/uploads\/2019\/12\/IMG_4866-scaled.jpg\"\n                 data-image=\"http:\/\/grundschule-wichern.de\/wp-content\/uploads\/2019\/12\/IMG_4866-scaled.jpg\"\n                 data-description=\"\"\n                                 style=\"display:block\">\n        <\/a>\n            <a href=\"\" target=\"_blank\">\n            <img decoding=\"async\" alt=\"\"\n                 data-type=\"image\"\n                 src=\"http:\/\/grundschule-wichern.de\/wp-content\/uploads\/2019\/12\/IMG_5778-scaled.jpg\"\n                 data-image=\"http:\/\/grundschule-wichern.de\/wp-content\/uploads\/2019\/12\/IMG_5778-scaled.jpg\"\n                 data-description=\"\"\n                                 style=\"display:block\">\n        <\/a>\n            <a href=\"\" target=\"_blank\">\n            <img decoding=\"async\" alt=\"\"\n                 data-type=\"image\"\n                 src=\"http:\/\/grundschule-wichern.de\/wp-content\/uploads\/2019\/12\/IMG_5819-scaled.jpg\"\n                 data-image=\"http:\/\/grundschule-wichern.de\/wp-content\/uploads\/2019\/12\/IMG_5819-scaled.jpg\"\n                 data-description=\"\"\n                                 style=\"display:block\">\n        <\/a>\n            <a href=\"\" target=\"_blank\">\n            <img decoding=\"async\" alt=\"\"\n                 data-type=\"image\"\n                 src=\"http:\/\/grundschule-wichern.de\/wp-content\/uploads\/2019\/12\/IMG_7605-scaled.jpg\"\n                 data-image=\"http:\/\/grundschule-wichern.de\/wp-content\/uploads\/2019\/12\/IMG_7605-scaled.jpg\"\n                 data-description=\"\"\n                                 style=\"display:block\">\n        <\/a>\n            <a href=\"\" target=\"_blank\">\n            <img decoding=\"async\" alt=\"\"\n                 data-type=\"image\"\n                 src=\"http:\/\/grundschule-wichern.de\/wp-content\/uploads\/2019\/12\/IMG_7659-scaled.jpg\"\n                 data-image=\"http:\/\/grundschule-wichern.de\/wp-content\/uploads\/2019\/12\/IMG_7659-scaled.jpg\"\n                 data-description=\"\"\n                                 style=\"display:block\">\n        <\/a>\n            <a href=\"\" target=\"_blank\">\n            <img decoding=\"async\" alt=\"\"\n                 data-type=\"image\"\n                 src=\"http:\/\/grundschule-wichern.de\/wp-content\/uploads\/2019\/12\/IMG_7689-scaled.jpg\"\n                 data-image=\"http:\/\/grundschule-wichern.de\/wp-content\/uploads\/2019\/12\/IMG_7689-scaled.jpg\"\n                 data-description=\"\"\n                                 style=\"display:block\">\n        <\/a>\n            <a href=\"\" target=\"_blank\">\n            <img decoding=\"async\" alt=\"\"\n                 data-type=\"image\"\n                 src=\"http:\/\/grundschule-wichern.de\/wp-content\/uploads\/2019\/12\/IMG_8002-scaled.jpg\"\n                 data-image=\"http:\/\/grundschule-wichern.de\/wp-content\/uploads\/2019\/12\/IMG_8002-scaled.jpg\"\n                 data-description=\"\"\n                                 style=\"display:block\">\n        <\/a>\n            <a href=\"\" target=\"_blank\">\n            <img decoding=\"async\" alt=\"\"\n                 data-type=\"image\"\n                 src=\"http:\/\/grundschule-wichern.de\/wp-content\/uploads\/2019\/12\/IMG_9827-scaled.jpg\"\n                 data-image=\"http:\/\/grundschule-wichern.de\/wp-content\/uploads\/2019\/12\/IMG_9827-scaled.jpg\"\n                 data-description=\"\"\n                                 style=\"display:block\">\n        <\/a>\n            <a href=\"\" target=\"_blank\">\n            <img decoding=\"async\" alt=\"\"\n                 data-type=\"image\"\n                 src=\"http:\/\/grundschule-wichern.de\/wp-content\/uploads\/2019\/12\/IMG_5796-scaled.jpg\"\n                 data-image=\"http:\/\/grundschule-wichern.de\/wp-content\/uploads\/2019\/12\/IMG_5796-scaled.jpg\"\n                 data-description=\"\"\n                                 style=\"display:block\">\n        <\/a>\n            <a href=\"\" target=\"_blank\">\n            <img decoding=\"async\" alt=\"\"\n                 data-type=\"image\"\n                 src=\"http:\/\/grundschule-wichern.de\/wp-content\/uploads\/2019\/12\/IMG_9870-scaled.jpg\"\n                 data-image=\"http:\/\/grundschule-wichern.de\/wp-content\/uploads\/2019\/12\/IMG_9870-scaled.jpg\"\n                 data-description=\"\"\n                                 style=\"display:block\">\n        <\/a>\n    <\/div>\n\n\n\n<script type=\"text\/javascript\">\n\n\n    (function() {\n        var runMyCode = function() {\n            jQuery(document).ready(function () {\n                var container = jQuery(\"#gdgallery_container_7\");\n                container.unitegallery({\"gallery_theme\":\"justified\",\"tiles_type\":\"justified\",\"tiles_justified_space_between\":10,\"tile_enable_textpanel\":true,\"tile_textpanel_always_on\":true,\"tile_textpanel_title_text_align\":\"center\",\"tile_textpanel_title_font_size\":\"16\",\"tile_textpanel_title_color\":\"#FFFFFF\",\"tile_textpanel_bg_color\":\"#333333\",\"tile_textpanel_bg_opacity\":0.7,\"tile_enable_border\":true,\"tile_border_width\":\"0\",\"tile_border_color\":\"#333333\",\"tile_border_radius\":\"0\",\"tile_enable_overlay\":true,\"tile_enable_image_effect\":true,\"tile_image_effect_type\":\"blur\",\"tile_image_effect_reverse\":true,\"tile_enable_shadow\":false,\"tile_as_link\":false,\"tile_enable_icons\":true,\"tile_show_link_icon\":true,\"tile_textpanel_appear_type\":\"slide\",\"tile_textpanel_position\":\"inside_bottom\",\"tile_link_newpage\":true,\"lightbox_type\":\"wide\",\"lightbox_arrows_offset\":0,\"lightbox_overlay_color\":\"#000000\",\"lightbox_overlay_opacity\":1,\"lightbox_top_panel_opacity\":1,\"lightbox_show_numbers\":true,\"lightbox_numbers_size\":\"15\",\"lightbox_numbers_color\":\"#FFFFFF\",\"lightbox_slider_image_border_width\":\"0\",\"lightbox_slider_image_border_color\":\"#FFFFFF\",\"lightbox_slider_image_border_radius\":0,\"lightbox_slider_image_shadow\":true,\"lightbox_slider_control_swipe\":true,\"lightbox_slider_control_zoom\":true,\"lightbox_slider_image_border\":true,\"lightbox_show_textpanel\":true,\"lightbox_textpanel_enable_title\":true,\"lightbox_textpanel_enable_description\":false,\"lightbox_textpanel_padding_top\":5,\"lightbox_textpanel_padding_bottom\":5,\"lightbox_textpanel_padding_right\":5,\"lightbox_textpanel_padding_left\":5,\"lightbox_textpanel_title_color\":\"#FFFFFF\",\"lightbox_textpanel_title_text_align\":\"center\",\"lightbox_textpanel_title_font_size\":\"16\",\"lightbox_textpanel_desc_color\":\"#FFFFFF\",\"lightbox_textpanel_desc_text_align\":\"center\",\"lightbox_textpanel_desc_font_size\":\"14\"});\n            });\n        };\n        var timer = function() {\n            if (window.jQuery) {runMyCode(window.jQuery);}\n            else {window.setTimeout(timer, 100);}\n        };\n        timer();\n    })();\n<\/script><style>\n#gdgallery-container-7 {\n   text-align: center}\n\n.gdgallery-pagination-7{\ntext-align: center !important;\n}\n\n.gdgallery-pagination-7 a{\n    font-size: 15px !important;\n    padding: 8px 13px !important;\n    margin: 3px !important;\n    border: 1px solid #333333 !important;\n    border-radius: 0px !important;\n    color: #333333 !important;\n    background-color: #FFFFFF !important;\n    font-family: monospace !important;\n}\n\n.gdgallery-pagination-7 a:hover, .gdgallery-pagination-7 a.gdgallery-pagination-icon-active{\n    color: #FFFFFF !important;\n    background-color: #333333 !important;\n    border-color: #333333 !important;\n}\n\n#gdgallery-container-7 .gdgallery_load_more_space{\n    margin-top: 20px !important;\n    text-align: center !important;\n}\n\n#gdgallery-container-7 .gdgallery_load_more_space button{\n                      padding: 8px 13px !important;\n    font-size: 15px !important;\n    background-color: #333333 !important;\n    color: #FFFFFF !important;\n    border:1px solid #333333 !important;\n                      border-radius: 0px !important;\n                      font-family: monospace !important;\n                  }\n#gdgallery-container-7 .gdgallery_load_more_space button:hover{\n                      background-color: #FFFFFF !important;\n                      color: #333333 !important;\n                      border-color: #333333 !important;\n                  }\n\n#gdgallery-container-7 .gdgallery_load_more_space button,\n#gdgallery-container-7 .gdgallery_load_more_space button:hover,\n#gdgallery-container-7 .gdgallery_load_more_space button:active,\n#gdgallery-container-7 .gdgallery_load_more_space button:focus{\n    outline: none !important;\n}\n\n\n#gdgallery-container-7 .gdgallery_loading li{\n                      border: 3px solid #333333 !important;\n                  }\n\n.ug-lightbox .ug-lightbox-top-panel-overlay{\n    background-color: #000000 !important;\n}\n\n\n                  #gdgallery_container_7{}\n<\/style>\n\n\n\n<\/div>\n\n\n\n\n\n<\/p>\n","protected":false},"excerpt":{"rendered":"<p>Wie in jedem Jahr basteln alle Sch\u00fclerinnen und Sch\u00fcler vor dem Beginn der Adventszeit viele sch\u00f6ne Dinge an unserem Basteltag, um unsere Schule weihnachtlich zu gestalten.In kooperativen Projekten unterst\u00fctzen die Paten die Schulanf\u00e4nger. Bald sind die Fenster der Klassen und Flure festlich gestaltet. Der Hausmeister k\u00fcmmert sich um den Weihnachtsbaum,&hellip; mehr lesen<\/p>\n","protected":false},"author":1,"featured_media":967,"comment_status":"closed","ping_status":"open","sticky":false,"template":"","format":"standard","meta":{"_uag_custom_page_level_css":"","jetpack_post_was_ever_published":false,"_jetpack_newsletter_access":"","_jetpack_dont_email_post_to_subs":false,"_jetpack_newsletter_tier_id":0,"_jetpack_memberships_contains_paywalled_content":false,"_jetpack_memberships_contains_paid_content":false,"footnotes":"","jetpack_publicize_message":"","jetpack_publicize_feature_enabled":true,"jetpack_social_post_already_shared":true,"jetpack_social_options":{"image_generator_settings":{"template":"highway","default_image_id":0,"enabled":false},"version":2}},"categories":[3,18],"tags":[],"class_list":["post-963","post","type-post","status-publish","format-standard","has-post-thumbnail","hentry","category-aktuelles","category-schuljahr-2019-2020"],"jetpack_publicize_connections":[],"jetpack_featured_media_url":"http:\/\/grundschule-wichern.de\/wp-content\/uploads\/2019\/12\/7261816e-a3ac-4795-af05-dabd72485bd7.jpg","uagb_featured_image_src":{"full":["http:\/\/grundschule-wichern.de\/wp-content\/uploads\/2019\/12\/7261816e-a3ac-4795-af05-dabd72485bd7.jpg",1024,768,false],"thumbnail":["http:\/\/grundschule-wichern.de\/wp-content\/uploads\/2019\/12\/7261816e-a3ac-4795-af05-dabd72485bd7-150x150.jpg",150,150,true],"medium":["http:\/\/grundschule-wichern.de\/wp-content\/uploads\/2019\/12\/7261816e-a3ac-4795-af05-dabd72485bd7-300x225.jpg",300,225,true],"medium_large":["http:\/\/grundschule-wichern.de\/wp-content\/uploads\/2019\/12\/7261816e-a3ac-4795-af05-dabd72485bd7-768x576.jpg",768,576,true],"large":["http:\/\/grundschule-wichern.de\/wp-content\/uploads\/2019\/12\/7261816e-a3ac-4795-af05-dabd72485bd7.jpg",1024,768,false],"1536x1536":["http:\/\/grundschule-wichern.de\/wp-content\/uploads\/2019\/12\/7261816e-a3ac-4795-af05-dabd72485bd7.jpg",1024,768,false],"2048x2048":["http:\/\/grundschule-wichern.de\/wp-content\/uploads\/2019\/12\/7261816e-a3ac-4795-af05-dabd72485bd7.jpg",1024,768,false],"custom":["http:\/\/grundschule-wichern.de\/wp-content\/uploads\/2019\/12\/7261816e-a3ac-4795-af05-dabd72485bd7-780x350.jpg",780,350,true],"post-thumbnail":["http:\/\/grundschule-wichern.de\/wp-content\/uploads\/2019\/12\/7261816e-a3ac-4795-af05-dabd72485bd7-150x113.jpg",150,113,true],"header":["http:\/\/grundschule-wichern.de\/wp-content\/uploads\/2019\/12\/7261816e-a3ac-4795-af05-dabd72485bd7-1024x200.jpg",1024,200,true],"slider":["http:\/\/grundschule-wichern.de\/wp-content\/uploads\/2019\/12\/7261816e-a3ac-4795-af05-dabd72485bd7-1024x410.jpg",1024,410,true],"columns":["http:\/\/grundschule-wichern.de\/wp-content\/uploads\/2019\/12\/7261816e-a3ac-4795-af05-dabd72485bd7-327x300.jpg",327,300,true],"sow-carousel-default":["http:\/\/grundschule-wichern.de\/wp-content\/uploads\/2019\/12\/7261816e-a3ac-4795-af05-dabd72485bd7-272x182.jpg",272,182,true]},"uagb_author_info":{"display_name":"Hille","author_link":"http:\/\/grundschule-wichern.de\/?author=1"},"uagb_comment_info":0,"uagb_excerpt":"Wie in jedem Jahr basteln alle Sch\u00fclerinnen und Sch\u00fcler vor dem Beginn der Adventszeit viele sch\u00f6ne Dinge an unserem Basteltag, um unsere Schule weihnachtlich zu gestalten.In kooperativen Projekten unterst\u00fctzen die Paten die Schulanf\u00e4nger. Bald sind die Fenster der Klassen und Flure festlich gestaltet. Der Hausmeister k\u00fcmmert sich um den Weihnachtsbaum,&hellip; mehr lesen","jetpack_sharing_enabled":true,"jetpack_shortlink":"https:\/\/wp.me\/p9HPiT-fx","_links":{"self":[{"href":"http:\/\/grundschule-wichern.de\/index.php?rest_route=\/wp\/v2\/posts\/963","targetHints":{"allow":["GET"]}}],"collection":[{"href":"http:\/\/grundschule-wichern.de\/index.php?rest_route=\/wp\/v2\/posts"}],"about":[{"href":"http:\/\/grundschule-wichern.de\/index.php?rest_route=\/wp\/v2\/types\/post"}],"author":[{"embeddable":true,"href":"http:\/\/grundschule-wichern.de\/index.php?rest_route=\/wp\/v2\/users\/1"}],"replies":[{"embeddable":true,"href":"http:\/\/grundschule-wichern.de\/index.php?rest_route=%2Fwp%2Fv2%2Fcomments&post=963"}],"version-history":[{"count":3,"href":"http:\/\/grundschule-wichern.de\/index.php?rest_route=\/wp\/v2\/posts\/963\/revisions"}],"predecessor-version":[{"id":969,"href":"http:\/\/grundschule-wichern.de\/index.php?rest_route=\/wp\/v2\/posts\/963\/revisions\/969"}],"wp:featuredmedia":[{"embeddable":true,"href":"http:\/\/grundschule-wichern.de\/index.php?rest_route=\/wp\/v2\/media\/967"}],"wp:attachment":[{"href":"http:\/\/grundschule-wichern.de\/index.php?rest_route=%2Fwp%2Fv2%2Fmedia&parent=963"}],"wp:term":[{"taxonomy":"category","embeddable":true,"href":"http:\/\/grundschule-wichern.de\/index.php?rest_route=%2Fwp%2Fv2%2Fcategories&post=963"},{"taxonomy":"post_tag","embeddable":true,"href":"http:\/\/grundschule-wichern.de\/index.php?rest_route=%2Fwp%2Fv2%2Ftags&post=963"}],"curies":[{"name":"wp","href":"https:\/\/api.w.org\/{rel}","templated":true}]}}