{"id":959,"date":"2019-12-06T08:19:48","date_gmt":"2019-12-06T08:19:48","guid":{"rendered":"http:\/\/grundschule-wichern.de\/?p=959"},"modified":"2022-03-13T10:21:38","modified_gmt":"2022-03-13T10:21:38","slug":"die-sporthalle-ist-klimaschutz","status":"publish","type":"post","link":"http:\/\/grundschule-wichern.de\/?p=959","title":{"rendered":"die Sporthalle ist Klimaschutz"},"content":{"rendered":"<p><img loading=\"lazy\" decoding=\"async\" width=\"300\" height=\"103\" class=\"alignleft size-medium wp-image-960\" alt=\"\" src=\"http:\/\/grundschule-wichern.de\/wp-content\/uploads\/2019\/12\/energie-300x103.jpg\" srcset=\"http:\/\/grundschule-wichern.de\/wp-content\/uploads\/2019\/12\/energie-300x103.jpg 300w, http:\/\/grundschule-wichern.de\/wp-content\/uploads\/2019\/12\/energie-150x51.jpg 150w, http:\/\/grundschule-wichern.de\/wp-content\/uploads\/2019\/12\/energie.jpg 440w\" sizes=\"auto, (max-width: 300px) 100vw, 300px\" \/>Die neu gebaute Sporthalle in Wichern sieht nicht nur sch\u00f6n aus, sondern sie liefert auch einen Beitrag zum Klimaschutz, den sich die Stadt Bad Oeynhausen und die Schule auf die Fahnen geschrieben hat.<\/p>\n<p>Die PV Anlage auf dem Geb\u00e4ude erzeugt im Jahr mehr Strom, als die Erdw\u00e4rme-Pumpen und elektrischen Verbraucher in der Halle ben\u00f6tigen. \u00dcber die niedrige Betriebskosten und die sehr gute Energiebilanz freuen sich alle Beteiligten sehr &#8211; ein wertvoller Beitrag zum Klimaschutz vor Ort.<\/p>\n","protected":false},"excerpt":{"rendered":"<p>Die neu gebaute Sporthalle in Wichern sieht nicht nur sch\u00f6n aus, sondern sie liefert auch einen Beitrag zum Klimaschutz, den sich die Stadt Bad Oeynhausen und die Schule auf die Fahnen geschrieben hat. Die PV Anlage auf dem Geb\u00e4ude erzeugt im Jahr mehr Strom, als die Erdw\u00e4rme-Pumpen und elektrischen Verbraucher&hellip; mehr lesen<\/p>\n","protected":false},"author":4,"featured_media":960,"comment_status":"closed","ping_status":"open","sticky":false,"template":"","format":"standard","meta":{"_uag_custom_page_level_css":"","jetpack_post_was_ever_published":false,"_jetpack_newsletter_access":"","_jetpack_dont_email_post_to_subs":false,"_jetpack_newsletter_tier_id":0,"_jetpack_memberships_contains_paywalled_content":false,"_jetpack_memberships_contains_paid_content":false,"footnotes":"","jetpack_publicize_message":"","jetpack_publicize_feature_enabled":true,"jetpack_social_post_already_shared":true,"jetpack_social_options":{"image_generator_settings":{"template":"highway","default_image_id":0,"enabled":false},"version":2}},"categories":[3,18],"tags":[],"class_list":["post-959","post","type-post","status-publish","format-standard","has-post-thumbnail","hentry","category-aktuelles","category-schuljahr-2019-2020"],"jetpack_publicize_connections":[],"jetpack_featured_media_url":"http:\/\/grundschule-wichern.de\/wp-content\/uploads\/2019\/12\/energie.jpg","uagb_featured_image_src":{"full":["http:\/\/grundschule-wichern.de\/wp-content\/uploads\/2019\/12\/energie.jpg",440,151,false],"thumbnail":["http:\/\/grundschule-wichern.de\/wp-content\/uploads\/2019\/12\/energie-150x150.jpg",150,150,true],"medium":["http:\/\/grundschule-wichern.de\/wp-content\/uploads\/2019\/12\/energie-300x103.jpg",300,103,true],"medium_large":["http:\/\/grundschule-wichern.de\/wp-content\/uploads\/2019\/12\/energie.jpg",440,151,false],"large":["http:\/\/grundschule-wichern.de\/wp-content\/uploads\/2019\/12\/energie.jpg",440,151,false],"1536x1536":["http:\/\/grundschule-wichern.de\/wp-content\/uploads\/2019\/12\/energie.jpg",440,151,false],"2048x2048":["http:\/\/grundschule-wichern.de\/wp-content\/uploads\/2019\/12\/energie.jpg",440,151,false],"custom":["http:\/\/grundschule-wichern.de\/wp-content\/uploads\/2019\/12\/energie.jpg",440,151,false],"post-thumbnail":["http:\/\/grundschule-wichern.de\/wp-content\/uploads\/2019\/12\/energie-150x51.jpg",150,51,true],"header":["http:\/\/grundschule-wichern.de\/wp-content\/uploads\/2019\/12\/energie.jpg",440,151,false],"slider":["http:\/\/grundschule-wichern.de\/wp-content\/uploads\/2019\/12\/energie.jpg",440,151,false],"columns":["http:\/\/grundschule-wichern.de\/wp-content\/uploads\/2019\/12\/energie-327x151.jpg",327,151,true],"sow-carousel-default":["http:\/\/grundschule-wichern.de\/wp-content\/uploads\/2019\/12\/energie-272x151.jpg",272,151,true]},"uagb_author_info":{"display_name":"Anja Huck","author_link":"http:\/\/grundschule-wichern.de\/?author=4"},"uagb_comment_info":0,"uagb_excerpt":"Die neu gebaute Sporthalle in Wichern sieht nicht nur sch\u00f6n aus, sondern sie liefert auch einen Beitrag zum Klimaschutz, den sich die Stadt Bad Oeynhausen und die Schule auf die Fahnen geschrieben hat. Die PV Anlage auf dem Geb\u00e4ude erzeugt im Jahr mehr Strom, als die Erdw\u00e4rme-Pumpen und elektrischen Verbraucher&hellip; mehr lesen","jetpack_sharing_enabled":true,"jetpack_shortlink":"https:\/\/wp.me\/p9HPiT-ft","_links":{"self":[{"href":"http:\/\/grundschule-wichern.de\/index.php?rest_route=\/wp\/v2\/posts\/959","targetHints":{"allow":["GET"]}}],"collection":[{"href":"http:\/\/grundschule-wichern.de\/index.php?rest_route=\/wp\/v2\/posts"}],"about":[{"href":"http:\/\/grundschule-wichern.de\/index.php?rest_route=\/wp\/v2\/types\/post"}],"author":[{"embeddable":true,"href":"http:\/\/grundschule-wichern.de\/index.php?rest_route=\/wp\/v2\/users\/4"}],"replies":[{"embeddable":true,"href":"http:\/\/grundschule-wichern.de\/index.php?rest_route=%2Fwp%2Fv2%2Fcomments&post=959"}],"version-history":[{"count":2,"href":"http:\/\/grundschule-wichern.de\/index.php?rest_route=\/wp\/v2\/posts\/959\/revisions"}],"predecessor-version":[{"id":962,"href":"http:\/\/grundschule-wichern.de\/index.php?rest_route=\/wp\/v2\/posts\/959\/revisions\/962"}],"wp:featuredmedia":[{"embeddable":true,"href":"http:\/\/grundschule-wichern.de\/index.php?rest_route=\/wp\/v2\/media\/960"}],"wp:attachment":[{"href":"http:\/\/grundschule-wichern.de\/index.php?rest_route=%2Fwp%2Fv2%2Fmedia&parent=959"}],"wp:term":[{"taxonomy":"category","embeddable":true,"href":"http:\/\/grundschule-wichern.de\/index.php?rest_route=%2Fwp%2Fv2%2Fcategories&post=959"},{"taxonomy":"post_tag","embeddable":true,"href":"http:\/\/grundschule-wichern.de\/index.php?rest_route=%2Fwp%2Fv2%2Ftags&post=959"}],"curies":[{"name":"wp","href":"https:\/\/api.w.org\/{rel}","templated":true}]}}