{"id":2432,"date":"2026-01-21T08:22:58","date_gmt":"2026-01-21T08:22:58","guid":{"rendered":"http:\/\/grundschule-wichern.de\/?p=2432"},"modified":"2026-01-21T08:23:00","modified_gmt":"2026-01-21T08:23:00","slug":"gemeinsam-mut-zeigen","status":"publish","type":"post","link":"http:\/\/grundschule-wichern.de\/?p=2432","title":{"rendered":"Gemeinsam Mut zeigen"},"content":{"rendered":"\n<h3 class=\"wp-block-heading\">Die Mutbank f\u00fcr unserem Schulhof<\/h3>\n\n\n\n<p>Im Rahmen einer AG im offenen Ganztag haben Sch\u00fclerinnen und Sch\u00fcler der Jahrg\u00e4nge 3 und 4 ein besonderes Projekt umgesetzt: den Bau einer Mutbank. Begleitet von der Schulsozialarbeit stand dabei vor allem eines im Mittelpunkt \u2013 das soziale Miteinander zu st\u00e4rken und Empathie sowie gegenseitige R\u00fccksichtnahme zu f\u00f6rdern.<\/p>\n\n\n\n<p>Die Kinder planten die Mutbank eigenst\u00e4ndig, bauten sie gemeinsam, bemalten und beschrifteten sie. K\u00fcnftig steht sie in den Pausen auf dem Schulhof allen Kindern zur Verf\u00fcgung \u2013 als Ort der Begegnung, des Gespr\u00e4chs und der Unterst\u00fctzung.<\/p>\n\n\n\n<p>Neben handwerklichen und kreativen F\u00e4higkeiten f\u00f6rderte das Projekt auch das Gemeinschaftsgef\u00fchl und die soziale Verantwortung der Sch\u00fclerinnen und Sch\u00fcler.<\/p>\n","protected":false},"excerpt":{"rendered":"<p>Die Mutbank f\u00fcr unserem Schulhof Im Rahmen einer AG im offenen Ganztag haben Sch\u00fclerinnen und Sch\u00fcler der Jahrg\u00e4nge 3 und 4 ein besonderes Projekt umgesetzt: den Bau einer Mutbank. Begleitet von der Schulsozialarbeit stand dabei vor allem eines im Mittelpunkt \u2013 das soziale Miteinander zu st\u00e4rken und Empathie sowie gegenseitige&hellip; mehr lesen<\/p>\n","protected":false},"author":4,"featured_media":2433,"comment_status":"closed","ping_status":"open","sticky":false,"template":"","format":"standard","meta":{"_uag_custom_page_level_css":"","jetpack_post_was_ever_published":false,"_jetpack_newsletter_access":"","_jetpack_dont_email_post_to_subs":false,"_jetpack_newsletter_tier_id":0,"_jetpack_memberships_contains_paywalled_content":false,"_jetpack_memberships_contains_paid_content":false,"footnotes":"","jetpack_publicize_message":"","jetpack_publicize_feature_enabled":true,"jetpack_social_post_already_shared":true,"jetpack_social_options":{"image_generator_settings":{"template":"highway","default_image_id":0,"enabled":false},"version":2}},"categories":[3,13,28],"tags":[],"class_list":["post-2432","post","type-post","status-publish","format-standard","has-post-thumbnail","hentry","category-aktuelles","category-slider","category-schuljahr-2025-2026"],"jetpack_publicize_connections":[],"jetpack_featured_media_url":"http:\/\/grundschule-wichern.de\/wp-content\/uploads\/2026\/01\/Bank.jpg","uagb_featured_image_src":{"full":["http:\/\/grundschule-wichern.de\/wp-content\/uploads\/2026\/01\/Bank.jpg",640,480,false],"thumbnail":["http:\/\/grundschule-wichern.de\/wp-content\/uploads\/2026\/01\/Bank-150x150.jpg",150,150,true],"medium":["http:\/\/grundschule-wichern.de\/wp-content\/uploads\/2026\/01\/Bank-300x225.jpg",300,225,true],"medium_large":["http:\/\/grundschule-wichern.de\/wp-content\/uploads\/2026\/01\/Bank.jpg",640,480,false],"large":["http:\/\/grundschule-wichern.de\/wp-content\/uploads\/2026\/01\/Bank.jpg",640,480,false],"1536x1536":["http:\/\/grundschule-wichern.de\/wp-content\/uploads\/2026\/01\/Bank.jpg",640,480,false],"2048x2048":["http:\/\/grundschule-wichern.de\/wp-content\/uploads\/2026\/01\/Bank.jpg",640,480,false],"custom":["http:\/\/grundschule-wichern.de\/wp-content\/uploads\/2026\/01\/Bank-640x350.jpg",640,350,true],"post-thumbnail":["http:\/\/grundschule-wichern.de\/wp-content\/uploads\/2026\/01\/Bank-150x113.jpg",150,113,true],"header":["http:\/\/grundschule-wichern.de\/wp-content\/uploads\/2026\/01\/Bank-640x200.jpg",640,200,true],"slider":["http:\/\/grundschule-wichern.de\/wp-content\/uploads\/2026\/01\/Bank-640x410.jpg",640,410,true],"columns":["http:\/\/grundschule-wichern.de\/wp-content\/uploads\/2026\/01\/Bank-549x300.jpg",549,300,true],"sow-carousel-default":["http:\/\/grundschule-wichern.de\/wp-content\/uploads\/2026\/01\/Bank-272x182.jpg",272,182,true]},"uagb_author_info":{"display_name":"Anja Huck","author_link":"http:\/\/grundschule-wichern.de\/?author=4"},"uagb_comment_info":0,"uagb_excerpt":"Die Mutbank f\u00fcr unserem Schulhof Im Rahmen einer AG im offenen Ganztag haben Sch\u00fclerinnen und Sch\u00fcler der Jahrg\u00e4nge 3 und 4 ein besonderes Projekt umgesetzt: den Bau einer Mutbank. Begleitet von der Schulsozialarbeit stand dabei vor allem eines im Mittelpunkt \u2013 das soziale Miteinander zu st\u00e4rken und Empathie sowie gegenseitige&hellip; mehr lesen","jetpack_sharing_enabled":true,"jetpack_shortlink":"https:\/\/wp.me\/p9HPiT-De","_links":{"self":[{"href":"http:\/\/grundschule-wichern.de\/index.php?rest_route=\/wp\/v2\/posts\/2432","targetHints":{"allow":["GET"]}}],"collection":[{"href":"http:\/\/grundschule-wichern.de\/index.php?rest_route=\/wp\/v2\/posts"}],"about":[{"href":"http:\/\/grundschule-wichern.de\/index.php?rest_route=\/wp\/v2\/types\/post"}],"author":[{"embeddable":true,"href":"http:\/\/grundschule-wichern.de\/index.php?rest_route=\/wp\/v2\/users\/4"}],"replies":[{"embeddable":true,"href":"http:\/\/grundschule-wichern.de\/index.php?rest_route=%2Fwp%2Fv2%2Fcomments&post=2432"}],"version-history":[{"count":1,"href":"http:\/\/grundschule-wichern.de\/index.php?rest_route=\/wp\/v2\/posts\/2432\/revisions"}],"predecessor-version":[{"id":2434,"href":"http:\/\/grundschule-wichern.de\/index.php?rest_route=\/wp\/v2\/posts\/2432\/revisions\/2434"}],"wp:featuredmedia":[{"embeddable":true,"href":"http:\/\/grundschule-wichern.de\/index.php?rest_route=\/wp\/v2\/media\/2433"}],"wp:attachment":[{"href":"http:\/\/grundschule-wichern.de\/index.php?rest_route=%2Fwp%2Fv2%2Fmedia&parent=2432"}],"wp:term":[{"taxonomy":"category","embeddable":true,"href":"http:\/\/grundschule-wichern.de\/index.php?rest_route=%2Fwp%2Fv2%2Fcategories&post=2432"},{"taxonomy":"post_tag","embeddable":true,"href":"http:\/\/grundschule-wichern.de\/index.php?rest_route=%2Fwp%2Fv2%2Ftags&post=2432"}],"curies":[{"name":"wp","href":"https:\/\/api.w.org\/{rel}","templated":true}]}}