{"id":2340,"date":"2024-12-18T06:38:29","date_gmt":"2024-12-18T06:38:29","guid":{"rendered":"http:\/\/grundschule-wichern.de\/?p=2340"},"modified":"2024-12-26T09:36:07","modified_gmt":"2024-12-26T09:36:07","slug":"waffeln-fuer-ruli","status":"publish","type":"post","link":"http:\/\/grundschule-wichern.de\/?p=2340","title":{"rendered":"Waffeln f\u00fcr Ruli"},"content":{"rendered":"\n<p>das Sch\u00fclerparlament hatte sich vor Weihnachten entschieden, wieder eine Sammelaktion f\u00fcr die Schule in Ruli durchzuf\u00fchren. Es sollte in den Klassen gesammelt werden &#8211; eine Waffel-Aktion war ebenfalls gew\u00fcnscht. Auf dem Schulfest am Standort Lohe wurde gesammelt und am Dienstag fand das beliebte Waffelbacken am Standort Wichern statt. Dank der tollen Unterst\u00fctzung aus der Elternschaft konnten gut 400 Waffeln gebacken werden. Die Kinder waren dankbare Abnehmer. Eine tolle Aktion, bei der auch der ein oder andere Euro gesammelt wurde.<\/p>\n\n\n\n<div class=\"wp-block-uagb-image uagb-block-04e2bc46 wp-block-uagb-image--layout-default wp-block-uagb-image--effect-static wp-block-uagb-image--align-none\"><figure class=\"wp-block-uagb-image__figure\"><img decoding=\"async\" srcset=\"http:\/\/grundschule-wichern.de\/wp-content\/uploads\/2024\/12\/aWaffeln-rotated.jpg ,http:\/\/grundschule-wichern.de\/wp-content\/uploads\/2024\/12\/aWaffeln-rotated.jpg 780w, http:\/\/grundschule-wichern.de\/wp-content\/uploads\/2024\/12\/aWaffeln-rotated.jpg 360w\" sizes=\"auto, (max-width: 480px) 150px\" src=\"http:\/\/grundschule-wichern.de\/wp-content\/uploads\/2024\/12\/aWaffeln-rotated.jpg\" alt=\"Waffeln im Mittelpunkt\" class=\"uag-image-2341\" width=\"338\" height=\"451\" title=\"aWaffeln\" loading=\"lazy\" role=\"img\"\/><\/figure><\/div>\n\n\n\n<p><\/p>\n","protected":false},"excerpt":{"rendered":"<p>das Sch\u00fclerparlament hatte sich vor Weihnachten entschieden, wieder eine Sammelaktion f\u00fcr die Schule in Ruli durchzuf\u00fchren. Es sollte in den Klassen gesammelt werden &#8211; eine Waffel-Aktion war ebenfalls gew\u00fcnscht. Auf dem Schulfest am Standort Lohe wurde gesammelt und am Dienstag fand das beliebte Waffelbacken am Standort Wichern statt. Dank der&hellip; mehr lesen<\/p>\n","protected":false},"author":4,"featured_media":2341,"comment_status":"closed","ping_status":"open","sticky":false,"template":"","format":"standard","meta":{"_uag_custom_page_level_css":"","jetpack_post_was_ever_published":false,"_jetpack_newsletter_access":"","_jetpack_dont_email_post_to_subs":false,"_jetpack_newsletter_tier_id":0,"_jetpack_memberships_contains_paywalled_content":false,"_jetpack_memberships_contains_paid_content":false,"footnotes":"","jetpack_publicize_message":"","jetpack_publicize_feature_enabled":true,"jetpack_social_post_already_shared":true,"jetpack_social_options":{"image_generator_settings":{"template":"highway","default_image_id":0,"enabled":false},"version":2}},"categories":[13,3,27],"tags":[],"class_list":["post-2340","post","type-post","status-publish","format-standard","has-post-thumbnail","hentry","category-slider","category-aktuelles","category-schuljahr-2024-2025"],"jetpack_publicize_connections":[],"jetpack_featured_media_url":"http:\/\/grundschule-wichern.de\/wp-content\/uploads\/2024\/12\/aWaffeln-rotated.jpg","uagb_featured_image_src":{"full":["http:\/\/grundschule-wichern.de\/wp-content\/uploads\/2024\/12\/aWaffeln-rotated.jpg",240,320,false],"thumbnail":["http:\/\/grundschule-wichern.de\/wp-content\/uploads\/2024\/12\/aWaffeln-150x150.jpg",150,150,true],"medium":["http:\/\/grundschule-wichern.de\/wp-content\/uploads\/2024\/12\/aWaffeln-225x300.jpg",225,300,true],"medium_large":["http:\/\/grundschule-wichern.de\/wp-content\/uploads\/2024\/12\/aWaffeln-rotated.jpg",240,320,false],"large":["http:\/\/grundschule-wichern.de\/wp-content\/uploads\/2024\/12\/aWaffeln-rotated.jpg",240,320,false],"1536x1536":["http:\/\/grundschule-wichern.de\/wp-content\/uploads\/2024\/12\/aWaffeln-rotated.jpg",240,320,false],"2048x2048":["http:\/\/grundschule-wichern.de\/wp-content\/uploads\/2024\/12\/aWaffeln-rotated.jpg",240,320,false],"custom":["http:\/\/grundschule-wichern.de\/wp-content\/uploads\/2024\/12\/aWaffeln-rotated.jpg",240,320,false],"post-thumbnail":["http:\/\/grundschule-wichern.de\/wp-content\/uploads\/2024\/12\/aWaffeln-113x150.jpg",113,150,true],"header":["http:\/\/grundschule-wichern.de\/wp-content\/uploads\/2024\/12\/aWaffeln-240x200.jpg",240,200,true],"slider":["http:\/\/grundschule-wichern.de\/wp-content\/uploads\/2024\/12\/aWaffeln-rotated.jpg",240,320,false],"columns":["http:\/\/grundschule-wichern.de\/wp-content\/uploads\/2024\/12\/aWaffeln-240x300.jpg",240,300,true],"sow-carousel-default":["http:\/\/grundschule-wichern.de\/wp-content\/uploads\/2024\/12\/aWaffeln-240x182.jpg",240,182,true]},"uagb_author_info":{"display_name":"Anja Huck","author_link":"http:\/\/grundschule-wichern.de\/?author=4"},"uagb_comment_info":0,"uagb_excerpt":"das Sch\u00fclerparlament hatte sich vor Weihnachten entschieden, wieder eine Sammelaktion f\u00fcr die Schule in Ruli durchzuf\u00fchren. Es sollte in den Klassen gesammelt werden &#8211; eine Waffel-Aktion war ebenfalls gew\u00fcnscht. Auf dem Schulfest am Standort Lohe wurde gesammelt und am Dienstag fand das beliebte Waffelbacken am Standort Wichern statt. Dank der&hellip; mehr lesen","jetpack_sharing_enabled":true,"jetpack_shortlink":"https:\/\/wp.me\/p9HPiT-BK","_links":{"self":[{"href":"http:\/\/grundschule-wichern.de\/index.php?rest_route=\/wp\/v2\/posts\/2340","targetHints":{"allow":["GET"]}}],"collection":[{"href":"http:\/\/grundschule-wichern.de\/index.php?rest_route=\/wp\/v2\/posts"}],"about":[{"href":"http:\/\/grundschule-wichern.de\/index.php?rest_route=\/wp\/v2\/types\/post"}],"author":[{"embeddable":true,"href":"http:\/\/grundschule-wichern.de\/index.php?rest_route=\/wp\/v2\/users\/4"}],"replies":[{"embeddable":true,"href":"http:\/\/grundschule-wichern.de\/index.php?rest_route=%2Fwp%2Fv2%2Fcomments&post=2340"}],"version-history":[{"count":3,"href":"http:\/\/grundschule-wichern.de\/index.php?rest_route=\/wp\/v2\/posts\/2340\/revisions"}],"predecessor-version":[{"id":2356,"href":"http:\/\/grundschule-wichern.de\/index.php?rest_route=\/wp\/v2\/posts\/2340\/revisions\/2356"}],"wp:featuredmedia":[{"embeddable":true,"href":"http:\/\/grundschule-wichern.de\/index.php?rest_route=\/wp\/v2\/media\/2341"}],"wp:attachment":[{"href":"http:\/\/grundschule-wichern.de\/index.php?rest_route=%2Fwp%2Fv2%2Fmedia&parent=2340"}],"wp:term":[{"taxonomy":"category","embeddable":true,"href":"http:\/\/grundschule-wichern.de\/index.php?rest_route=%2Fwp%2Fv2%2Fcategories&post=2340"},{"taxonomy":"post_tag","embeddable":true,"href":"http:\/\/grundschule-wichern.de\/index.php?rest_route=%2Fwp%2Fv2%2Ftags&post=2340"}],"curies":[{"name":"wp","href":"https:\/\/api.w.org\/{rel}","templated":true}]}}