{"id":2331,"date":"2024-12-02T11:17:28","date_gmt":"2024-12-02T11:17:28","guid":{"rendered":"http:\/\/grundschule-wichern.de\/?p=2331"},"modified":"2024-12-02T11:17:30","modified_gmt":"2024-12-02T11:17:30","slug":"basteltag","status":"publish","type":"post","link":"http:\/\/grundschule-wichern.de\/?p=2331","title":{"rendered":"Basteltag"},"content":{"rendered":"\n<p>Am letzten Freitag vor dem ersten Advent ist traditionsgem\u00e4\u00df der Basteltag am Grundschulverbund Wichern-Lohe. In allen Klassen wurde wieder gebastelt, gebacken und gemalt. Die Weihnachtsb\u00e4ume im Eingangsbereich der Schule wurden geschm\u00fcckt, der Wichern Adventskrank im Mittelpunkt best\u00fcckt und die Fenster versch\u00f6nert. Viele selbstgemachte Kunstwerke konnten auch wieder mit nach Hause genommen werden. Im Mittelpunkt duftete es den ganzen Vormittag nach Keksen, die auch schon flei\u00dfig verziert wurden.<\/p>\n\n\n\n<p><\/p>\n","protected":false},"excerpt":{"rendered":"<p>Am letzten Freitag vor dem ersten Advent ist traditionsgem\u00e4\u00df der Basteltag am Grundschulverbund Wichern-Lohe. In allen Klassen wurde wieder gebastelt, gebacken und gemalt. Die Weihnachtsb\u00e4ume im Eingangsbereich der Schule wurden geschm\u00fcckt, der Wichern Adventskrank im Mittelpunkt best\u00fcckt und die Fenster versch\u00f6nert. Viele selbstgemachte Kunstwerke konnten auch wieder mit nach Hause&hellip; mehr lesen<\/p>\n","protected":false},"author":4,"featured_media":2332,"comment_status":"closed","ping_status":"open","sticky":false,"template":"","format":"standard","meta":{"_uag_custom_page_level_css":"","jetpack_post_was_ever_published":false,"_jetpack_newsletter_access":"","_jetpack_dont_email_post_to_subs":false,"_jetpack_newsletter_tier_id":0,"_jetpack_memberships_contains_paywalled_content":false,"_jetpack_memberships_contains_paid_content":false,"footnotes":"","jetpack_publicize_message":"","jetpack_publicize_feature_enabled":true,"jetpack_social_post_already_shared":true,"jetpack_social_options":{"image_generator_settings":{"template":"highway","default_image_id":0,"enabled":false},"version":2}},"categories":[3,13,27],"tags":[],"class_list":["post-2331","post","type-post","status-publish","format-standard","has-post-thumbnail","hentry","category-aktuelles","category-slider","category-schuljahr-2024-2025"],"jetpack_publicize_connections":[],"jetpack_featured_media_url":"http:\/\/grundschule-wichern.de\/wp-content\/uploads\/2024\/12\/basteltag24-rotated.jpg","uagb_featured_image_src":{"full":["http:\/\/grundschule-wichern.de\/wp-content\/uploads\/2024\/12\/basteltag24-rotated.jpg",480,640,false],"thumbnail":["http:\/\/grundschule-wichern.de\/wp-content\/uploads\/2024\/12\/basteltag24-150x150.jpg",150,150,true],"medium":["http:\/\/grundschule-wichern.de\/wp-content\/uploads\/2024\/12\/basteltag24-225x300.jpg",225,300,true],"medium_large":["http:\/\/grundschule-wichern.de\/wp-content\/uploads\/2024\/12\/basteltag24-rotated.jpg",480,640,false],"large":["http:\/\/grundschule-wichern.de\/wp-content\/uploads\/2024\/12\/basteltag24-rotated.jpg",480,640,false],"1536x1536":["http:\/\/grundschule-wichern.de\/wp-content\/uploads\/2024\/12\/basteltag24-rotated.jpg",480,640,false],"2048x2048":["http:\/\/grundschule-wichern.de\/wp-content\/uploads\/2024\/12\/basteltag24-rotated.jpg",480,640,false],"custom":["http:\/\/grundschule-wichern.de\/wp-content\/uploads\/2024\/12\/basteltag24-480x350.jpg",480,350,true],"post-thumbnail":["http:\/\/grundschule-wichern.de\/wp-content\/uploads\/2024\/12\/basteltag24-113x150.jpg",113,150,true],"header":["http:\/\/grundschule-wichern.de\/wp-content\/uploads\/2024\/12\/basteltag24-480x200.jpg",480,200,true],"slider":["http:\/\/grundschule-wichern.de\/wp-content\/uploads\/2024\/12\/basteltag24-480x410.jpg",480,410,true],"columns":["http:\/\/grundschule-wichern.de\/wp-content\/uploads\/2024\/12\/basteltag24-480x300.jpg",480,300,true],"sow-carousel-default":["http:\/\/grundschule-wichern.de\/wp-content\/uploads\/2024\/12\/basteltag24-272x182.jpg",272,182,true]},"uagb_author_info":{"display_name":"Anja Huck","author_link":"http:\/\/grundschule-wichern.de\/?author=4"},"uagb_comment_info":0,"uagb_excerpt":"Am letzten Freitag vor dem ersten Advent ist traditionsgem\u00e4\u00df der Basteltag am Grundschulverbund Wichern-Lohe. In allen Klassen wurde wieder gebastelt, gebacken und gemalt. Die Weihnachtsb\u00e4ume im Eingangsbereich der Schule wurden geschm\u00fcckt, der Wichern Adventskrank im Mittelpunkt best\u00fcckt und die Fenster versch\u00f6nert. Viele selbstgemachte Kunstwerke konnten auch wieder mit nach Hause&hellip; mehr lesen","jetpack_sharing_enabled":true,"jetpack_shortlink":"https:\/\/wp.me\/p9HPiT-BB","_links":{"self":[{"href":"http:\/\/grundschule-wichern.de\/index.php?rest_route=\/wp\/v2\/posts\/2331","targetHints":{"allow":["GET"]}}],"collection":[{"href":"http:\/\/grundschule-wichern.de\/index.php?rest_route=\/wp\/v2\/posts"}],"about":[{"href":"http:\/\/grundschule-wichern.de\/index.php?rest_route=\/wp\/v2\/types\/post"}],"author":[{"embeddable":true,"href":"http:\/\/grundschule-wichern.de\/index.php?rest_route=\/wp\/v2\/users\/4"}],"replies":[{"embeddable":true,"href":"http:\/\/grundschule-wichern.de\/index.php?rest_route=%2Fwp%2Fv2%2Fcomments&post=2331"}],"version-history":[{"count":1,"href":"http:\/\/grundschule-wichern.de\/index.php?rest_route=\/wp\/v2\/posts\/2331\/revisions"}],"predecessor-version":[{"id":2333,"href":"http:\/\/grundschule-wichern.de\/index.php?rest_route=\/wp\/v2\/posts\/2331\/revisions\/2333"}],"wp:featuredmedia":[{"embeddable":true,"href":"http:\/\/grundschule-wichern.de\/index.php?rest_route=\/wp\/v2\/media\/2332"}],"wp:attachment":[{"href":"http:\/\/grundschule-wichern.de\/index.php?rest_route=%2Fwp%2Fv2%2Fmedia&parent=2331"}],"wp:term":[{"taxonomy":"category","embeddable":true,"href":"http:\/\/grundschule-wichern.de\/index.php?rest_route=%2Fwp%2Fv2%2Fcategories&post=2331"},{"taxonomy":"post_tag","embeddable":true,"href":"http:\/\/grundschule-wichern.de\/index.php?rest_route=%2Fwp%2Fv2%2Ftags&post=2331"}],"curies":[{"name":"wp","href":"https:\/\/api.w.org\/{rel}","templated":true}]}}