{"id":2293,"date":"2024-08-30T06:27:37","date_gmt":"2024-08-30T06:27:37","guid":{"rendered":"http:\/\/grundschule-wichern.de\/?p=2293"},"modified":"2024-09-14T08:12:15","modified_gmt":"2024-09-14T08:12:15","slug":"eingangshalle-auf-der-lohe-im-neuen-glanz","status":"publish","type":"post","link":"http:\/\/grundschule-wichern.de\/?p=2293","title":{"rendered":"Eingangshalle auf der Lohe im neuen Glanz"},"content":{"rendered":"\n<p>f\u00fcr das Jahr 2024 haben sich der F\u00f6rderverein und das Kollegium auf der Lohe vorgenommen, die Eingangshalle am Standort Lohe neu zu gestalten. Die W\u00fcnsche der Kinder wurden gesammelt und zwei tolle Leseh\u00e4uschen konnten schon geliefert werden. Ein gro\u00dfes Anliegen war auch die farbliche Gestaltung der Halle. Hier bekamen wir tolle Unterst\u00fctzung aus der Elternschaft &#8211; Malermeister Lohmeier der in der Nachbarschaft wohnt hat in den Sommerferien die Eingangshalle farbig gestrichen. Auch spontane Sonderw\u00fcnsche wie das kleine gr\u00fcne Fenster konnten noch umgesetzt werden und so waren die Kinder am ersten Schultag ganz begeistert, wie sch\u00f6n die Eingangshalle jetzt aussieht. Wir bedanken uns ganz herzlich f\u00fcr die tolle Unterst\u00fctzung.<\/p>\n\n\n\n<figure class=\"wp-block-image size-full\"><img loading=\"lazy\" decoding=\"async\" width=\"320\" height=\"240\" src=\"http:\/\/grundschule-wichern.de\/wp-content\/uploads\/2024\/08\/Eingang24.jpg\" alt=\"Halle neu\" class=\"wp-image-2294\" srcset=\"http:\/\/grundschule-wichern.de\/wp-content\/uploads\/2024\/08\/Eingang24.jpg 320w, http:\/\/grundschule-wichern.de\/wp-content\/uploads\/2024\/08\/Eingang24-300x225.jpg 300w, http:\/\/grundschule-wichern.de\/wp-content\/uploads\/2024\/08\/Eingang24-150x113.jpg 150w\" sizes=\"auto, (max-width: 320px) 100vw, 320px\" \/><\/figure>\n","protected":false},"excerpt":{"rendered":"<p>f\u00fcr das Jahr 2024 haben sich der F\u00f6rderverein und das Kollegium auf der Lohe vorgenommen, die Eingangshalle am Standort Lohe neu zu gestalten. Die W\u00fcnsche der Kinder wurden gesammelt und zwei tolle Leseh\u00e4uschen konnten schon geliefert werden. Ein gro\u00dfes Anliegen war auch die farbliche Gestaltung der Halle. Hier bekamen wir&hellip; mehr lesen<\/p>\n","protected":false},"author":4,"featured_media":2294,"comment_status":"closed","ping_status":"open","sticky":false,"template":"","format":"standard","meta":{"_uag_custom_page_level_css":"","jetpack_post_was_ever_published":false,"_jetpack_newsletter_access":"","_jetpack_dont_email_post_to_subs":true,"_jetpack_newsletter_tier_id":0,"_jetpack_memberships_contains_paywalled_content":false,"_jetpack_memberships_contains_paid_content":false,"footnotes":"","jetpack_publicize_message":"","jetpack_publicize_feature_enabled":true,"jetpack_social_post_already_shared":true,"jetpack_social_options":{"image_generator_settings":{"template":"highway","enabled":false},"version":2}},"categories":[3,13,27],"tags":[],"class_list":["post-2293","post","type-post","status-publish","format-standard","has-post-thumbnail","hentry","category-aktuelles","category-slider","category-schuljahr-2024-2025"],"jetpack_publicize_connections":[],"jetpack_featured_media_url":"http:\/\/grundschule-wichern.de\/wp-content\/uploads\/2024\/08\/Eingang24.jpg","uagb_featured_image_src":{"full":["http:\/\/grundschule-wichern.de\/wp-content\/uploads\/2024\/08\/Eingang24.jpg",320,240,false],"thumbnail":["http:\/\/grundschule-wichern.de\/wp-content\/uploads\/2024\/08\/Eingang24-150x150.jpg",150,150,true],"medium":["http:\/\/grundschule-wichern.de\/wp-content\/uploads\/2024\/08\/Eingang24-300x225.jpg",300,225,true],"medium_large":["http:\/\/grundschule-wichern.de\/wp-content\/uploads\/2024\/08\/Eingang24.jpg",320,240,false],"large":["http:\/\/grundschule-wichern.de\/wp-content\/uploads\/2024\/08\/Eingang24.jpg",320,240,false],"1536x1536":["http:\/\/grundschule-wichern.de\/wp-content\/uploads\/2024\/08\/Eingang24.jpg",320,240,false],"2048x2048":["http:\/\/grundschule-wichern.de\/wp-content\/uploads\/2024\/08\/Eingang24.jpg",320,240,false],"custom":["http:\/\/grundschule-wichern.de\/wp-content\/uploads\/2024\/08\/Eingang24.jpg",320,240,false],"post-thumbnail":["http:\/\/grundschule-wichern.de\/wp-content\/uploads\/2024\/08\/Eingang24-150x113.jpg",150,113,true],"header":["http:\/\/grundschule-wichern.de\/wp-content\/uploads\/2024\/08\/Eingang24-320x200.jpg",320,200,true],"slider":["http:\/\/grundschule-wichern.de\/wp-content\/uploads\/2024\/08\/Eingang24.jpg",320,240,false],"columns":["http:\/\/grundschule-wichern.de\/wp-content\/uploads\/2024\/08\/Eingang24.jpg",320,240,false],"sow-carousel-default":["http:\/\/grundschule-wichern.de\/wp-content\/uploads\/2024\/08\/Eingang24-272x182.jpg",272,182,true]},"uagb_author_info":{"display_name":"Anja Huck","author_link":"http:\/\/grundschule-wichern.de\/?author=4"},"uagb_comment_info":0,"uagb_excerpt":"f\u00fcr das Jahr 2024 haben sich der F\u00f6rderverein und das Kollegium auf der Lohe vorgenommen, die Eingangshalle am Standort Lohe neu zu gestalten. Die W\u00fcnsche der Kinder wurden gesammelt und zwei tolle Leseh\u00e4uschen konnten schon geliefert werden. Ein gro\u00dfes Anliegen war auch die farbliche Gestaltung der Halle. Hier bekamen wir&hellip; mehr lesen","jetpack_sharing_enabled":true,"jetpack_shortlink":"https:\/\/wp.me\/p9HPiT-AZ","_links":{"self":[{"href":"http:\/\/grundschule-wichern.de\/index.php?rest_route=\/wp\/v2\/posts\/2293","targetHints":{"allow":["GET"]}}],"collection":[{"href":"http:\/\/grundschule-wichern.de\/index.php?rest_route=\/wp\/v2\/posts"}],"about":[{"href":"http:\/\/grundschule-wichern.de\/index.php?rest_route=\/wp\/v2\/types\/post"}],"author":[{"embeddable":true,"href":"http:\/\/grundschule-wichern.de\/index.php?rest_route=\/wp\/v2\/users\/4"}],"replies":[{"embeddable":true,"href":"http:\/\/grundschule-wichern.de\/index.php?rest_route=%2Fwp%2Fv2%2Fcomments&post=2293"}],"version-history":[{"count":3,"href":"http:\/\/grundschule-wichern.de\/index.php?rest_route=\/wp\/v2\/posts\/2293\/revisions"}],"predecessor-version":[{"id":2298,"href":"http:\/\/grundschule-wichern.de\/index.php?rest_route=\/wp\/v2\/posts\/2293\/revisions\/2298"}],"wp:featuredmedia":[{"embeddable":true,"href":"http:\/\/grundschule-wichern.de\/index.php?rest_route=\/wp\/v2\/media\/2294"}],"wp:attachment":[{"href":"http:\/\/grundschule-wichern.de\/index.php?rest_route=%2Fwp%2Fv2%2Fmedia&parent=2293"}],"wp:term":[{"taxonomy":"category","embeddable":true,"href":"http:\/\/grundschule-wichern.de\/index.php?rest_route=%2Fwp%2Fv2%2Fcategories&post=2293"},{"taxonomy":"post_tag","embeddable":true,"href":"http:\/\/grundschule-wichern.de\/index.php?rest_route=%2Fwp%2Fv2%2Ftags&post=2293"}],"curies":[{"name":"wp","href":"https:\/\/api.w.org\/{rel}","templated":true}]}}