{"id":2272,"date":"2024-08-26T05:18:29","date_gmt":"2024-08-26T05:18:29","guid":{"rendered":"http:\/\/grundschule-wichern.de\/?p=2272"},"modified":"2024-08-26T05:18:32","modified_gmt":"2024-08-26T05:18:32","slug":"128-schulanfaenger-gut-gestartet","status":"publish","type":"post","link":"http:\/\/grundschule-wichern.de\/?p=2272","title":{"rendered":"128 Schulanf\u00e4nger gut gestartet"},"content":{"rendered":"\n<p>128 Kinder in 5 Klassen (4 Wichern, 1 Lohe) freuten sich riesig auf die Einschulung am Grundschulverbund Wichern-Lohe. Der Schulanfangsgottesdienst in der Heilig Geist Kirche (Wichern) und der Martin-Luther Kirche (Lohe) ist schon gelebte Tradition. Beide Kirchen hatten einen kurzweiligen Gottesdienst mit den Lehrerinnen gestaltet. In der Schule ging es dann mit einer kurzen Begr\u00fc\u00dfungsfeier weiter und dann kam der gro\u00dfe Augenblick &#8211; die Kinder hatten ihre erste Schulstunde. Die Klassenlehrerinnen hatten die Klassen wunderbar vorbereitet und die Klassentiere standen bereit. Wir hoffen sehr, dass die Kinder nun mit viel Elan die ersten Schulwochen genie\u00dfen.<\/p>\n","protected":false},"excerpt":{"rendered":"<p>128 Kinder in 5 Klassen (4 Wichern, 1 Lohe) freuten sich riesig auf die Einschulung am Grundschulverbund Wichern-Lohe. Der Schulanfangsgottesdienst in der Heilig Geist Kirche (Wichern) und der Martin-Luther Kirche (Lohe) ist schon gelebte Tradition. Beide Kirchen hatten einen kurzweiligen Gottesdienst mit den Lehrerinnen gestaltet. In der Schule ging es&hellip; mehr lesen<\/p>\n","protected":false},"author":4,"featured_media":2273,"comment_status":"closed","ping_status":"open","sticky":false,"template":"","format":"standard","meta":{"_uag_custom_page_level_css":"","jetpack_post_was_ever_published":false,"_jetpack_newsletter_access":"","_jetpack_dont_email_post_to_subs":false,"_jetpack_newsletter_tier_id":0,"_jetpack_memberships_contains_paywalled_content":false,"_jetpack_memberships_contains_paid_content":false,"footnotes":"","jetpack_publicize_message":"","jetpack_publicize_feature_enabled":true,"jetpack_social_post_already_shared":true,"jetpack_social_options":{"image_generator_settings":{"template":"highway","default_image_id":0,"enabled":false},"version":2}},"categories":[13,27],"tags":[],"class_list":["post-2272","post","type-post","status-publish","format-standard","has-post-thumbnail","hentry","category-slider","category-schuljahr-2024-2025"],"jetpack_publicize_connections":[],"jetpack_featured_media_url":"http:\/\/grundschule-wichern.de\/wp-content\/uploads\/2024\/08\/einschuung24.jpg","uagb_featured_image_src":{"full":["http:\/\/grundschule-wichern.de\/wp-content\/uploads\/2024\/08\/einschuung24.jpg",640,480,false],"thumbnail":["http:\/\/grundschule-wichern.de\/wp-content\/uploads\/2024\/08\/einschuung24-150x150.jpg",150,150,true],"medium":["http:\/\/grundschule-wichern.de\/wp-content\/uploads\/2024\/08\/einschuung24-300x225.jpg",300,225,true],"medium_large":["http:\/\/grundschule-wichern.de\/wp-content\/uploads\/2024\/08\/einschuung24.jpg",640,480,false],"large":["http:\/\/grundschule-wichern.de\/wp-content\/uploads\/2024\/08\/einschuung24.jpg",640,480,false],"1536x1536":["http:\/\/grundschule-wichern.de\/wp-content\/uploads\/2024\/08\/einschuung24.jpg",640,480,false],"2048x2048":["http:\/\/grundschule-wichern.de\/wp-content\/uploads\/2024\/08\/einschuung24.jpg",640,480,false],"custom":["http:\/\/grundschule-wichern.de\/wp-content\/uploads\/2024\/08\/einschuung24-640x350.jpg",640,350,true],"post-thumbnail":["http:\/\/grundschule-wichern.de\/wp-content\/uploads\/2024\/08\/einschuung24-150x113.jpg",150,113,true],"header":["http:\/\/grundschule-wichern.de\/wp-content\/uploads\/2024\/08\/einschuung24-640x200.jpg",640,200,true],"slider":["http:\/\/grundschule-wichern.de\/wp-content\/uploads\/2024\/08\/einschuung24-640x410.jpg",640,410,true],"columns":["http:\/\/grundschule-wichern.de\/wp-content\/uploads\/2024\/08\/einschuung24-549x300.jpg",549,300,true],"sow-carousel-default":["http:\/\/grundschule-wichern.de\/wp-content\/uploads\/2024\/08\/einschuung24-272x182.jpg",272,182,true]},"uagb_author_info":{"display_name":"Anja Huck","author_link":"http:\/\/grundschule-wichern.de\/?author=4"},"uagb_comment_info":0,"uagb_excerpt":"128 Kinder in 5 Klassen (4 Wichern, 1 Lohe) freuten sich riesig auf die Einschulung am Grundschulverbund Wichern-Lohe. Der Schulanfangsgottesdienst in der Heilig Geist Kirche (Wichern) und der Martin-Luther Kirche (Lohe) ist schon gelebte Tradition. Beide Kirchen hatten einen kurzweiligen Gottesdienst mit den Lehrerinnen gestaltet. In der Schule ging es&hellip; mehr lesen","jetpack_sharing_enabled":true,"jetpack_shortlink":"https:\/\/wp.me\/p9HPiT-AE","_links":{"self":[{"href":"http:\/\/grundschule-wichern.de\/index.php?rest_route=\/wp\/v2\/posts\/2272","targetHints":{"allow":["GET"]}}],"collection":[{"href":"http:\/\/grundschule-wichern.de\/index.php?rest_route=\/wp\/v2\/posts"}],"about":[{"href":"http:\/\/grundschule-wichern.de\/index.php?rest_route=\/wp\/v2\/types\/post"}],"author":[{"embeddable":true,"href":"http:\/\/grundschule-wichern.de\/index.php?rest_route=\/wp\/v2\/users\/4"}],"replies":[{"embeddable":true,"href":"http:\/\/grundschule-wichern.de\/index.php?rest_route=%2Fwp%2Fv2%2Fcomments&post=2272"}],"version-history":[{"count":1,"href":"http:\/\/grundschule-wichern.de\/index.php?rest_route=\/wp\/v2\/posts\/2272\/revisions"}],"predecessor-version":[{"id":2274,"href":"http:\/\/grundschule-wichern.de\/index.php?rest_route=\/wp\/v2\/posts\/2272\/revisions\/2274"}],"wp:featuredmedia":[{"embeddable":true,"href":"http:\/\/grundschule-wichern.de\/index.php?rest_route=\/wp\/v2\/media\/2273"}],"wp:attachment":[{"href":"http:\/\/grundschule-wichern.de\/index.php?rest_route=%2Fwp%2Fv2%2Fmedia&parent=2272"}],"wp:term":[{"taxonomy":"category","embeddable":true,"href":"http:\/\/grundschule-wichern.de\/index.php?rest_route=%2Fwp%2Fv2%2Fcategories&post=2272"},{"taxonomy":"post_tag","embeddable":true,"href":"http:\/\/grundschule-wichern.de\/index.php?rest_route=%2Fwp%2Fv2%2Ftags&post=2272"}],"curies":[{"name":"wp","href":"https:\/\/api.w.org\/{rel}","templated":true}]}}