{"id":2204,"date":"2024-05-17T10:21:03","date_gmt":"2024-05-17T10:21:03","guid":{"rendered":"http:\/\/grundschule-wichern.de\/?p=2204"},"modified":"2024-05-17T10:21:07","modified_gmt":"2024-05-17T10:21:07","slug":"sportabzeichen-fuer-3-und-4","status":"publish","type":"post","link":"http:\/\/grundschule-wichern.de\/?p=2204","title":{"rendered":"Sportabzeichen f\u00fcr 3 und 4"},"content":{"rendered":"\n<p>dieses Jahr hatten wir mit dem Wetter richtig Gl\u00fcck. Gut 200 Kinder vom Standort Wichern kamen voll motiviert am Sportplatz des Schulzentrums S\u00fcd an, um dort das Deutsche Sportabzeichen abzulegen. 800m laufen, Standweitsprung und Schlagball waren vorbereitet und auch die Sprintstrecken konnten mit den Klassenkameraden absolviert werden. Insgesamt war das ein sehr erfolgreicher Vormittag, der den Kindern viel Spa\u00df gemacht hat. Ein gro\u00dfer Dank geht auch an die vielen Elternhelfer, ohne die so eine Veranstaltung nicht m\u00f6glich gewesen w\u00e4re.<\/p>\n","protected":false},"excerpt":{"rendered":"<p>dieses Jahr hatten wir mit dem Wetter richtig Gl\u00fcck. Gut 200 Kinder vom Standort Wichern kamen voll motiviert am Sportplatz des Schulzentrums S\u00fcd an, um dort das Deutsche Sportabzeichen abzulegen. 800m laufen, Standweitsprung und Schlagball waren vorbereitet und auch die Sprintstrecken konnten mit den Klassenkameraden absolviert werden. Insgesamt war das&hellip; mehr lesen<\/p>\n","protected":false},"author":4,"featured_media":2205,"comment_status":"closed","ping_status":"open","sticky":false,"template":"","format":"standard","meta":{"_uag_custom_page_level_css":"","jetpack_post_was_ever_published":false,"_jetpack_newsletter_access":"","_jetpack_dont_email_post_to_subs":false,"_jetpack_newsletter_tier_id":0,"_jetpack_memberships_contains_paywalled_content":false,"_jetpack_memberships_contains_paid_content":false,"footnotes":"","jetpack_publicize_message":"","jetpack_publicize_feature_enabled":true,"jetpack_social_post_already_shared":true,"jetpack_social_options":{"image_generator_settings":{"template":"highway","default_image_id":0,"enabled":false},"version":2}},"categories":[13,3,26,25],"tags":[],"class_list":["post-2204","post","type-post","status-publish","format-standard","has-post-thumbnail","hentry","category-slider","category-aktuelles","category-schuljahr-2023-2024-2","category-schuljahr-2023-2024"],"jetpack_publicize_connections":[],"jetpack_featured_media_url":"http:\/\/grundschule-wichern.de\/wp-content\/uploads\/2024\/05\/Sportfest04.jpg","uagb_featured_image_src":{"full":["http:\/\/grundschule-wichern.de\/wp-content\/uploads\/2024\/05\/Sportfest04.jpg",640,480,false],"thumbnail":["http:\/\/grundschule-wichern.de\/wp-content\/uploads\/2024\/05\/Sportfest04-150x150.jpg",150,150,true],"medium":["http:\/\/grundschule-wichern.de\/wp-content\/uploads\/2024\/05\/Sportfest04-300x225.jpg",300,225,true],"medium_large":["http:\/\/grundschule-wichern.de\/wp-content\/uploads\/2024\/05\/Sportfest04.jpg",640,480,false],"large":["http:\/\/grundschule-wichern.de\/wp-content\/uploads\/2024\/05\/Sportfest04.jpg",640,480,false],"1536x1536":["http:\/\/grundschule-wichern.de\/wp-content\/uploads\/2024\/05\/Sportfest04.jpg",640,480,false],"2048x2048":["http:\/\/grundschule-wichern.de\/wp-content\/uploads\/2024\/05\/Sportfest04.jpg",640,480,false],"custom":["http:\/\/grundschule-wichern.de\/wp-content\/uploads\/2024\/05\/Sportfest04-640x350.jpg",640,350,true],"post-thumbnail":["http:\/\/grundschule-wichern.de\/wp-content\/uploads\/2024\/05\/Sportfest04-150x113.jpg",150,113,true],"header":["http:\/\/grundschule-wichern.de\/wp-content\/uploads\/2024\/05\/Sportfest04-640x200.jpg",640,200,true],"slider":["http:\/\/grundschule-wichern.de\/wp-content\/uploads\/2024\/05\/Sportfest04-640x410.jpg",640,410,true],"columns":["http:\/\/grundschule-wichern.de\/wp-content\/uploads\/2024\/05\/Sportfest04-549x300.jpg",549,300,true],"sow-carousel-default":["http:\/\/grundschule-wichern.de\/wp-content\/uploads\/2024\/05\/Sportfest04-272x182.jpg",272,182,true]},"uagb_author_info":{"display_name":"Anja Huck","author_link":"http:\/\/grundschule-wichern.de\/?author=4"},"uagb_comment_info":0,"uagb_excerpt":"dieses Jahr hatten wir mit dem Wetter richtig Gl\u00fcck. Gut 200 Kinder vom Standort Wichern kamen voll motiviert am Sportplatz des Schulzentrums S\u00fcd an, um dort das Deutsche Sportabzeichen abzulegen. 800m laufen, Standweitsprung und Schlagball waren vorbereitet und auch die Sprintstrecken konnten mit den Klassenkameraden absolviert werden. Insgesamt war das&hellip; mehr lesen","jetpack_sharing_enabled":true,"jetpack_shortlink":"https:\/\/wp.me\/p9HPiT-zy","_links":{"self":[{"href":"http:\/\/grundschule-wichern.de\/index.php?rest_route=\/wp\/v2\/posts\/2204","targetHints":{"allow":["GET"]}}],"collection":[{"href":"http:\/\/grundschule-wichern.de\/index.php?rest_route=\/wp\/v2\/posts"}],"about":[{"href":"http:\/\/grundschule-wichern.de\/index.php?rest_route=\/wp\/v2\/types\/post"}],"author":[{"embeddable":true,"href":"http:\/\/grundschule-wichern.de\/index.php?rest_route=\/wp\/v2\/users\/4"}],"replies":[{"embeddable":true,"href":"http:\/\/grundschule-wichern.de\/index.php?rest_route=%2Fwp%2Fv2%2Fcomments&post=2204"}],"version-history":[{"count":1,"href":"http:\/\/grundschule-wichern.de\/index.php?rest_route=\/wp\/v2\/posts\/2204\/revisions"}],"predecessor-version":[{"id":2206,"href":"http:\/\/grundschule-wichern.de\/index.php?rest_route=\/wp\/v2\/posts\/2204\/revisions\/2206"}],"wp:featuredmedia":[{"embeddable":true,"href":"http:\/\/grundschule-wichern.de\/index.php?rest_route=\/wp\/v2\/media\/2205"}],"wp:attachment":[{"href":"http:\/\/grundschule-wichern.de\/index.php?rest_route=%2Fwp%2Fv2%2Fmedia&parent=2204"}],"wp:term":[{"taxonomy":"category","embeddable":true,"href":"http:\/\/grundschule-wichern.de\/index.php?rest_route=%2Fwp%2Fv2%2Fcategories&post=2204"},{"taxonomy":"post_tag","embeddable":true,"href":"http:\/\/grundschule-wichern.de\/index.php?rest_route=%2Fwp%2Fv2%2Ftags&post=2204"}],"curies":[{"name":"wp","href":"https:\/\/api.w.org\/{rel}","templated":true}]}}