{"id":2197,"date":"2024-03-22T08:09:32","date_gmt":"2024-03-22T08:09:32","guid":{"rendered":"http:\/\/grundschule-wichern.de\/?p=2197"},"modified":"2024-03-22T08:09:36","modified_gmt":"2024-03-22T08:09:36","slug":"earth-day-hilft","status":"publish","type":"post","link":"http:\/\/grundschule-wichern.de\/?p=2197","title":{"rendered":"Earth Day hilft"},"content":{"rendered":"\n<p>die Kinder am Grundschulverbund-Wichern Lohe hatten einen ganz tollen Projekttag zum Thema Umwelt und Klimaschutz. In alle Klassen wurde intensiv zu unterschiedlichen Themenbereichen gearbeitet. M\u00fclltrennung, Plastik im Meer oder erneuerbare Energien waren nur einige der Themen, die bearbeitet wurden. Viele Klassen zogen in der letzten Stunde dann noch aus, um den M\u00fcll in der n\u00e4heren Umgebung zu sammeln und dann zu trennen. WIr waren alle sehr erstaunt, wie viel M\u00fcll so in der Landschaft rumliegt.<\/p>\n","protected":false},"excerpt":{"rendered":"<p>die Kinder am Grundschulverbund-Wichern Lohe hatten einen ganz tollen Projekttag zum Thema Umwelt und Klimaschutz. In alle Klassen wurde intensiv zu unterschiedlichen Themenbereichen gearbeitet. M\u00fclltrennung, Plastik im Meer oder erneuerbare Energien waren nur einige der Themen, die bearbeitet wurden. Viele Klassen zogen in der letzten Stunde dann noch aus, um&hellip; mehr lesen<\/p>\n","protected":false},"author":2,"featured_media":2198,"comment_status":"closed","ping_status":"open","sticky":false,"template":"","format":"standard","meta":{"_uag_custom_page_level_css":"","jetpack_post_was_ever_published":false,"_jetpack_newsletter_access":"","_jetpack_dont_email_post_to_subs":false,"_jetpack_newsletter_tier_id":0,"_jetpack_memberships_contains_paywalled_content":false,"_jetpack_memberships_contains_paid_content":false,"footnotes":"","jetpack_publicize_message":"","jetpack_publicize_feature_enabled":true,"jetpack_social_post_already_shared":true,"jetpack_social_options":{"image_generator_settings":{"template":"highway","default_image_id":0,"enabled":false},"version":2}},"categories":[13,3,25,26],"tags":[],"class_list":["post-2197","post","type-post","status-publish","format-standard","has-post-thumbnail","hentry","category-slider","category-aktuelles","category-schuljahr-2023-2024","category-schuljahr-2023-2024-2"],"jetpack_publicize_connections":[],"jetpack_featured_media_url":"http:\/\/grundschule-wichern.de\/wp-content\/uploads\/2024\/03\/Earthday.jpg","uagb_featured_image_src":{"full":["http:\/\/grundschule-wichern.de\/wp-content\/uploads\/2024\/03\/Earthday.jpg",593,750,false],"thumbnail":["http:\/\/grundschule-wichern.de\/wp-content\/uploads\/2024\/03\/Earthday-150x150.jpg",150,150,true],"medium":["http:\/\/grundschule-wichern.de\/wp-content\/uploads\/2024\/03\/Earthday-237x300.jpg",237,300,true],"medium_large":["http:\/\/grundschule-wichern.de\/wp-content\/uploads\/2024\/03\/Earthday.jpg",593,750,false],"large":["http:\/\/grundschule-wichern.de\/wp-content\/uploads\/2024\/03\/Earthday.jpg",593,750,false],"1536x1536":["http:\/\/grundschule-wichern.de\/wp-content\/uploads\/2024\/03\/Earthday.jpg",593,750,false],"2048x2048":["http:\/\/grundschule-wichern.de\/wp-content\/uploads\/2024\/03\/Earthday.jpg",593,750,false],"custom":["http:\/\/grundschule-wichern.de\/wp-content\/uploads\/2024\/03\/Earthday-593x350.jpg",593,350,true],"post-thumbnail":["http:\/\/grundschule-wichern.de\/wp-content\/uploads\/2024\/03\/Earthday-119x150.jpg",119,150,true],"header":["http:\/\/grundschule-wichern.de\/wp-content\/uploads\/2024\/03\/Earthday-593x200.jpg",593,200,true],"slider":["http:\/\/grundschule-wichern.de\/wp-content\/uploads\/2024\/03\/Earthday-593x410.jpg",593,410,true],"columns":["http:\/\/grundschule-wichern.de\/wp-content\/uploads\/2024\/03\/Earthday-549x300.jpg",549,300,true],"sow-carousel-default":["http:\/\/grundschule-wichern.de\/wp-content\/uploads\/2024\/03\/Earthday-272x182.jpg",272,182,true]},"uagb_author_info":{"display_name":"Sebastian Pl\u00f6ger","author_link":"http:\/\/grundschule-wichern.de\/?author=2"},"uagb_comment_info":0,"uagb_excerpt":"die Kinder am Grundschulverbund-Wichern Lohe hatten einen ganz tollen Projekttag zum Thema Umwelt und Klimaschutz. In alle Klassen wurde intensiv zu unterschiedlichen Themenbereichen gearbeitet. M\u00fclltrennung, Plastik im Meer oder erneuerbare Energien waren nur einige der Themen, die bearbeitet wurden. Viele Klassen zogen in der letzten Stunde dann noch aus, um&hellip; mehr lesen","jetpack_sharing_enabled":true,"jetpack_shortlink":"https:\/\/wp.me\/p9HPiT-zr","_links":{"self":[{"href":"http:\/\/grundschule-wichern.de\/index.php?rest_route=\/wp\/v2\/posts\/2197","targetHints":{"allow":["GET"]}}],"collection":[{"href":"http:\/\/grundschule-wichern.de\/index.php?rest_route=\/wp\/v2\/posts"}],"about":[{"href":"http:\/\/grundschule-wichern.de\/index.php?rest_route=\/wp\/v2\/types\/post"}],"author":[{"embeddable":true,"href":"http:\/\/grundschule-wichern.de\/index.php?rest_route=\/wp\/v2\/users\/2"}],"replies":[{"embeddable":true,"href":"http:\/\/grundschule-wichern.de\/index.php?rest_route=%2Fwp%2Fv2%2Fcomments&post=2197"}],"version-history":[{"count":1,"href":"http:\/\/grundschule-wichern.de\/index.php?rest_route=\/wp\/v2\/posts\/2197\/revisions"}],"predecessor-version":[{"id":2199,"href":"http:\/\/grundschule-wichern.de\/index.php?rest_route=\/wp\/v2\/posts\/2197\/revisions\/2199"}],"wp:featuredmedia":[{"embeddable":true,"href":"http:\/\/grundschule-wichern.de\/index.php?rest_route=\/wp\/v2\/media\/2198"}],"wp:attachment":[{"href":"http:\/\/grundschule-wichern.de\/index.php?rest_route=%2Fwp%2Fv2%2Fmedia&parent=2197"}],"wp:term":[{"taxonomy":"category","embeddable":true,"href":"http:\/\/grundschule-wichern.de\/index.php?rest_route=%2Fwp%2Fv2%2Fcategories&post=2197"},{"taxonomy":"post_tag","embeddable":true,"href":"http:\/\/grundschule-wichern.de\/index.php?rest_route=%2Fwp%2Fv2%2Ftags&post=2197"}],"curies":[{"name":"wp","href":"https:\/\/api.w.org\/{rel}","templated":true}]}}