{"id":2180,"date":"2024-03-16T12:24:46","date_gmt":"2024-03-16T12:24:46","guid":{"rendered":"http:\/\/grundschule-wichern.de\/?p=2180"},"modified":"2024-03-16T12:26:10","modified_gmt":"2024-03-16T12:26:10","slug":"schule-frueher","status":"publish","type":"post","link":"http:\/\/grundschule-wichern.de\/?p=2180","title":{"rendered":"Schule fr\u00fcher"},"content":{"rendered":"\n<p>Die 3. Klassen besch\u00e4ftigen sich im Sachunterricht gerade mit dem Thema &#8222;Schule fr\u00fcher&#8220;. Dazu haben sie ein Museum in Hiddenhausen besucht, um in einer Zeitreise in die Schulzeit vor \u00fcber 100 Jahren einzutauchen.<br>Neben der Besichtigung der Lehrerwohnung wurde dann eine Stunde lang die Zeit zur\u00fcckgedreht. Mit Holzschuhen und Sch\u00fcrze ausgestattet erlebten die Kinder eine Schulstunde aus l\u00e4ngst vergangenen Tagen. <\/p>\n\n\n\n<figure class=\"wp-block-gallery has-nested-images columns-default is-cropped wp-block-gallery-1 is-layout-flex wp-block-gallery-is-layout-flex\">\n<figure class=\"wp-block-image size-large\"><img loading=\"lazy\" decoding=\"async\" width=\"1024\" height=\"768\" data-id=\"2183\" src=\"http:\/\/grundschule-wichern.de\/wp-content\/uploads\/2024\/03\/Gross-IMG_8247-1024x768.jpeg\" alt=\"\" class=\"wp-image-2183\" srcset=\"http:\/\/grundschule-wichern.de\/wp-content\/uploads\/2024\/03\/Gross-IMG_8247-1024x768.jpeg 1024w, http:\/\/grundschule-wichern.de\/wp-content\/uploads\/2024\/03\/Gross-IMG_8247-300x225.jpeg 300w, http:\/\/grundschule-wichern.de\/wp-content\/uploads\/2024\/03\/Gross-IMG_8247-768x576.jpeg 768w, http:\/\/grundschule-wichern.de\/wp-content\/uploads\/2024\/03\/Gross-IMG_8247-150x113.jpeg 150w, http:\/\/grundschule-wichern.de\/wp-content\/uploads\/2024\/03\/Gross-IMG_8247.jpeg 1280w\" sizes=\"auto, (max-width: 1024px) 100vw, 1024px\" \/><\/figure>\n\n\n\n<figure class=\"wp-block-image size-large\"><img loading=\"lazy\" decoding=\"async\" width=\"1024\" height=\"768\" data-id=\"2182\" src=\"http:\/\/grundschule-wichern.de\/wp-content\/uploads\/2024\/03\/Gross-IMG_8249-1024x768.jpeg\" alt=\"\" class=\"wp-image-2182\" srcset=\"http:\/\/grundschule-wichern.de\/wp-content\/uploads\/2024\/03\/Gross-IMG_8249-1024x768.jpeg 1024w, http:\/\/grundschule-wichern.de\/wp-content\/uploads\/2024\/03\/Gross-IMG_8249-300x225.jpeg 300w, http:\/\/grundschule-wichern.de\/wp-content\/uploads\/2024\/03\/Gross-IMG_8249-768x576.jpeg 768w, http:\/\/grundschule-wichern.de\/wp-content\/uploads\/2024\/03\/Gross-IMG_8249-150x113.jpeg 150w, http:\/\/grundschule-wichern.de\/wp-content\/uploads\/2024\/03\/Gross-IMG_8249.jpeg 1280w\" sizes=\"auto, (max-width: 1024px) 100vw, 1024px\" \/><\/figure>\n\n\n\n<figure class=\"wp-block-image size-large\"><img loading=\"lazy\" decoding=\"async\" width=\"768\" height=\"1024\" data-id=\"2181\" src=\"http:\/\/grundschule-wichern.de\/wp-content\/uploads\/2024\/03\/Gross-IMG_8250-768x1024.jpeg\" alt=\"\" class=\"wp-image-2181\" srcset=\"http:\/\/grundschule-wichern.de\/wp-content\/uploads\/2024\/03\/Gross-IMG_8250-768x1024.jpeg 768w, http:\/\/grundschule-wichern.de\/wp-content\/uploads\/2024\/03\/Gross-IMG_8250-225x300.jpeg 225w, http:\/\/grundschule-wichern.de\/wp-content\/uploads\/2024\/03\/Gross-IMG_8250-113x150.jpeg 113w, http:\/\/grundschule-wichern.de\/wp-content\/uploads\/2024\/03\/Gross-IMG_8250.jpeg 960w\" sizes=\"auto, (max-width: 768px) 100vw, 768px\" \/><\/figure>\n\n\n\n<figure class=\"wp-block-image size-large\"><img loading=\"lazy\" decoding=\"async\" width=\"768\" height=\"1024\" data-id=\"2185\" src=\"http:\/\/grundschule-wichern.de\/wp-content\/uploads\/2024\/03\/Gross-IMG_8254-768x1024.jpeg\" alt=\"\" class=\"wp-image-2185\" srcset=\"http:\/\/grundschule-wichern.de\/wp-content\/uploads\/2024\/03\/Gross-IMG_8254-768x1024.jpeg 768w, http:\/\/grundschule-wichern.de\/wp-content\/uploads\/2024\/03\/Gross-IMG_8254-225x300.jpeg 225w, http:\/\/grundschule-wichern.de\/wp-content\/uploads\/2024\/03\/Gross-IMG_8254-113x150.jpeg 113w, http:\/\/grundschule-wichern.de\/wp-content\/uploads\/2024\/03\/Gross-IMG_8254.jpeg 960w\" sizes=\"auto, (max-width: 768px) 100vw, 768px\" \/><\/figure>\n\n\n\n<figure class=\"wp-block-image size-large\"><img loading=\"lazy\" decoding=\"async\" width=\"768\" height=\"1024\" data-id=\"2186\" src=\"http:\/\/grundschule-wichern.de\/wp-content\/uploads\/2024\/03\/Gross-IMG_8258-768x1024.jpeg\" alt=\"\" class=\"wp-image-2186\" srcset=\"http:\/\/grundschule-wichern.de\/wp-content\/uploads\/2024\/03\/Gross-IMG_8258-768x1024.jpeg 768w, http:\/\/grundschule-wichern.de\/wp-content\/uploads\/2024\/03\/Gross-IMG_8258-225x300.jpeg 225w, http:\/\/grundschule-wichern.de\/wp-content\/uploads\/2024\/03\/Gross-IMG_8258-113x150.jpeg 113w, http:\/\/grundschule-wichern.de\/wp-content\/uploads\/2024\/03\/Gross-IMG_8258.jpeg 960w\" sizes=\"auto, (max-width: 768px) 100vw, 768px\" \/><\/figure>\n\n\n\n<figure class=\"wp-block-image size-large\"><img loading=\"lazy\" decoding=\"async\" width=\"768\" height=\"1024\" data-id=\"2184\" src=\"http:\/\/grundschule-wichern.de\/wp-content\/uploads\/2024\/03\/Gross-IMG_8260-768x1024.jpeg\" alt=\"\" class=\"wp-image-2184\" srcset=\"http:\/\/grundschule-wichern.de\/wp-content\/uploads\/2024\/03\/Gross-IMG_8260-768x1024.jpeg 768w, http:\/\/grundschule-wichern.de\/wp-content\/uploads\/2024\/03\/Gross-IMG_8260-225x300.jpeg 225w, http:\/\/grundschule-wichern.de\/wp-content\/uploads\/2024\/03\/Gross-IMG_8260-113x150.jpeg 113w, http:\/\/grundschule-wichern.de\/wp-content\/uploads\/2024\/03\/Gross-IMG_8260.jpeg 960w\" sizes=\"auto, (max-width: 768px) 100vw, 768px\" \/><\/figure>\n\n\n\n<figure class=\"wp-block-image size-large\"><img loading=\"lazy\" decoding=\"async\" width=\"768\" height=\"1024\" data-id=\"2188\" src=\"http:\/\/grundschule-wichern.de\/wp-content\/uploads\/2024\/03\/Gross-IMG_8263-768x1024.jpeg\" alt=\"\" class=\"wp-image-2188\" srcset=\"http:\/\/grundschule-wichern.de\/wp-content\/uploads\/2024\/03\/Gross-IMG_8263-768x1024.jpeg 768w, http:\/\/grundschule-wichern.de\/wp-content\/uploads\/2024\/03\/Gross-IMG_8263-225x300.jpeg 225w, http:\/\/grundschule-wichern.de\/wp-content\/uploads\/2024\/03\/Gross-IMG_8263-113x150.jpeg 113w, http:\/\/grundschule-wichern.de\/wp-content\/uploads\/2024\/03\/Gross-IMG_8263.jpeg 960w\" sizes=\"auto, (max-width: 768px) 100vw, 768px\" \/><\/figure>\n\n\n\n<figure class=\"wp-block-image size-large\"><img loading=\"lazy\" decoding=\"async\" width=\"768\" height=\"1024\" data-id=\"2187\" src=\"http:\/\/grundschule-wichern.de\/wp-content\/uploads\/2024\/03\/Gross-IMG_8264-768x1024.jpeg\" alt=\"\" class=\"wp-image-2187\" srcset=\"http:\/\/grundschule-wichern.de\/wp-content\/uploads\/2024\/03\/Gross-IMG_8264-768x1024.jpeg 768w, http:\/\/grundschule-wichern.de\/wp-content\/uploads\/2024\/03\/Gross-IMG_8264-225x300.jpeg 225w, http:\/\/grundschule-wichern.de\/wp-content\/uploads\/2024\/03\/Gross-IMG_8264-113x150.jpeg 113w, http:\/\/grundschule-wichern.de\/wp-content\/uploads\/2024\/03\/Gross-IMG_8264.jpeg 960w\" sizes=\"auto, (max-width: 768px) 100vw, 768px\" \/><\/figure>\n\n\n\n<figure class=\"wp-block-image size-large\"><img loading=\"lazy\" decoding=\"async\" width=\"768\" height=\"1024\" data-id=\"2190\" src=\"http:\/\/grundschule-wichern.de\/wp-content\/uploads\/2024\/03\/Gross-IMG_8266-768x1024.jpeg\" alt=\"\" class=\"wp-image-2190\" srcset=\"http:\/\/grundschule-wichern.de\/wp-content\/uploads\/2024\/03\/Gross-IMG_8266-768x1024.jpeg 768w, http:\/\/grundschule-wichern.de\/wp-content\/uploads\/2024\/03\/Gross-IMG_8266-225x300.jpeg 225w, http:\/\/grundschule-wichern.de\/wp-content\/uploads\/2024\/03\/Gross-IMG_8266-113x150.jpeg 113w, http:\/\/grundschule-wichern.de\/wp-content\/uploads\/2024\/03\/Gross-IMG_8266.jpeg 960w\" sizes=\"auto, (max-width: 768px) 100vw, 768px\" \/><\/figure>\n\n\n\n<figure class=\"wp-block-image size-large\"><img loading=\"lazy\" decoding=\"async\" width=\"768\" height=\"1024\" data-id=\"2189\" src=\"http:\/\/grundschule-wichern.de\/wp-content\/uploads\/2024\/03\/Gross-IMG_8271-768x1024.jpeg\" alt=\"\" class=\"wp-image-2189\" srcset=\"http:\/\/grundschule-wichern.de\/wp-content\/uploads\/2024\/03\/Gross-IMG_8271-768x1024.jpeg 768w, http:\/\/grundschule-wichern.de\/wp-content\/uploads\/2024\/03\/Gross-IMG_8271-225x300.jpeg 225w, http:\/\/grundschule-wichern.de\/wp-content\/uploads\/2024\/03\/Gross-IMG_8271-113x150.jpeg 113w, http:\/\/grundschule-wichern.de\/wp-content\/uploads\/2024\/03\/Gross-IMG_8271.jpeg 960w\" sizes=\"auto, (max-width: 768px) 100vw, 768px\" \/><\/figure>\n\n\n\n<figure class=\"wp-block-image size-large\"><img loading=\"lazy\" decoding=\"async\" width=\"768\" height=\"1024\" data-id=\"2191\" src=\"http:\/\/grundschule-wichern.de\/wp-content\/uploads\/2024\/03\/Gross-IMG_8280-768x1024.jpeg\" alt=\"\" class=\"wp-image-2191\" srcset=\"http:\/\/grundschule-wichern.de\/wp-content\/uploads\/2024\/03\/Gross-IMG_8280-768x1024.jpeg 768w, http:\/\/grundschule-wichern.de\/wp-content\/uploads\/2024\/03\/Gross-IMG_8280-225x300.jpeg 225w, http:\/\/grundschule-wichern.de\/wp-content\/uploads\/2024\/03\/Gross-IMG_8280-113x150.jpeg 113w, http:\/\/grundschule-wichern.de\/wp-content\/uploads\/2024\/03\/Gross-IMG_8280.jpeg 960w\" sizes=\"auto, (max-width: 768px) 100vw, 768px\" \/><\/figure>\n\n\n\n<figure class=\"wp-block-image size-large\"><img loading=\"lazy\" decoding=\"async\" width=\"768\" height=\"1024\" data-id=\"2192\" src=\"http:\/\/grundschule-wichern.de\/wp-content\/uploads\/2024\/03\/Gross-IMG_8282-768x1024.jpeg\" alt=\"\" class=\"wp-image-2192\" srcset=\"http:\/\/grundschule-wichern.de\/wp-content\/uploads\/2024\/03\/Gross-IMG_8282-768x1024.jpeg 768w, http:\/\/grundschule-wichern.de\/wp-content\/uploads\/2024\/03\/Gross-IMG_8282-225x300.jpeg 225w, http:\/\/grundschule-wichern.de\/wp-content\/uploads\/2024\/03\/Gross-IMG_8282-113x150.jpeg 113w, http:\/\/grundschule-wichern.de\/wp-content\/uploads\/2024\/03\/Gross-IMG_8282.jpeg 960w\" sizes=\"auto, (max-width: 768px) 100vw, 768px\" \/><\/figure>\n\n\n\n<figure class=\"wp-block-image size-large\"><img loading=\"lazy\" decoding=\"async\" width=\"1024\" height=\"768\" data-id=\"2193\" src=\"http:\/\/grundschule-wichern.de\/wp-content\/uploads\/2024\/03\/Gross-IMG_8284-1024x768.jpeg\" alt=\"\" class=\"wp-image-2193\" srcset=\"http:\/\/grundschule-wichern.de\/wp-content\/uploads\/2024\/03\/Gross-IMG_8284-1024x768.jpeg 1024w, http:\/\/grundschule-wichern.de\/wp-content\/uploads\/2024\/03\/Gross-IMG_8284-300x225.jpeg 300w, http:\/\/grundschule-wichern.de\/wp-content\/uploads\/2024\/03\/Gross-IMG_8284-768x576.jpeg 768w, http:\/\/grundschule-wichern.de\/wp-content\/uploads\/2024\/03\/Gross-IMG_8284-150x113.jpeg 150w, http:\/\/grundschule-wichern.de\/wp-content\/uploads\/2024\/03\/Gross-IMG_8284.jpeg 1280w\" sizes=\"auto, (max-width: 1024px) 100vw, 1024px\" \/><\/figure>\n<\/figure>\n","protected":false},"excerpt":{"rendered":"<p>Die 3. Klassen besch\u00e4ftigen sich im Sachunterricht gerade mit dem Thema &#8222;Schule fr\u00fcher&#8220;. Dazu haben sie ein Museum in Hiddenhausen besucht, um in einer Zeitreise in die Schulzeit vor \u00fcber 100 Jahren einzutauchen.Neben der Besichtigung der Lehrerwohnung wurde dann eine Stunde lang die Zeit zur\u00fcckgedreht. Mit Holzschuhen und Sch\u00fcrze ausgestattet&hellip; mehr lesen<\/p>\n","protected":false},"author":1,"featured_media":2193,"comment_status":"closed","ping_status":"open","sticky":false,"template":"","format":"standard","meta":{"_uag_custom_page_level_css":"","jetpack_post_was_ever_published":false,"_jetpack_newsletter_access":"","_jetpack_dont_email_post_to_subs":false,"_jetpack_newsletter_tier_id":0,"_jetpack_memberships_contains_paywalled_content":false,"_jetpack_memberships_contains_paid_content":false,"footnotes":"","jetpack_publicize_message":"","jetpack_publicize_feature_enabled":true,"jetpack_social_post_already_shared":true,"jetpack_social_options":{"image_generator_settings":{"template":"highway","default_image_id":0,"enabled":false},"version":2}},"categories":[13,3,25,9],"tags":[],"class_list":["post-2180","post","type-post","status-publish","format-standard","has-post-thumbnail","hentry","category-slider","category-aktuelles","category-schuljahr-2023-2024","category-spalten"],"jetpack_publicize_connections":[],"jetpack_featured_media_url":"http:\/\/grundschule-wichern.de\/wp-content\/uploads\/2024\/03\/Gross-IMG_8284.jpeg","uagb_featured_image_src":{"full":["http:\/\/grundschule-wichern.de\/wp-content\/uploads\/2024\/03\/Gross-IMG_8284.jpeg",1280,960,false],"thumbnail":["http:\/\/grundschule-wichern.de\/wp-content\/uploads\/2024\/03\/Gross-IMG_8284-150x150.jpeg",150,150,true],"medium":["http:\/\/grundschule-wichern.de\/wp-content\/uploads\/2024\/03\/Gross-IMG_8284-300x225.jpeg",300,225,true],"medium_large":["http:\/\/grundschule-wichern.de\/wp-content\/uploads\/2024\/03\/Gross-IMG_8284-768x576.jpeg",768,576,true],"large":["http:\/\/grundschule-wichern.de\/wp-content\/uploads\/2024\/03\/Gross-IMG_8284-1024x768.jpeg",1024,768,true],"1536x1536":["http:\/\/grundschule-wichern.de\/wp-content\/uploads\/2024\/03\/Gross-IMG_8284.jpeg",1280,960,false],"2048x2048":["http:\/\/grundschule-wichern.de\/wp-content\/uploads\/2024\/03\/Gross-IMG_8284.jpeg",1280,960,false],"custom":["http:\/\/grundschule-wichern.de\/wp-content\/uploads\/2024\/03\/Gross-IMG_8284-780x350.jpeg",780,350,true],"post-thumbnail":["http:\/\/grundschule-wichern.de\/wp-content\/uploads\/2024\/03\/Gross-IMG_8284-150x113.jpeg",150,113,true],"header":["http:\/\/grundschule-wichern.de\/wp-content\/uploads\/2024\/03\/Gross-IMG_8284-1280x200.jpeg",1280,200,true],"slider":["http:\/\/grundschule-wichern.de\/wp-content\/uploads\/2024\/03\/Gross-IMG_8284-1180x410.jpeg",1180,410,true],"columns":["http:\/\/grundschule-wichern.de\/wp-content\/uploads\/2024\/03\/Gross-IMG_8284-549x300.jpeg",549,300,true],"sow-carousel-default":["http:\/\/grundschule-wichern.de\/wp-content\/uploads\/2024\/03\/Gross-IMG_8284-272x182.jpeg",272,182,true]},"uagb_author_info":{"display_name":"Hille","author_link":"http:\/\/grundschule-wichern.de\/?author=1"},"uagb_comment_info":0,"uagb_excerpt":"Die 3. Klassen besch\u00e4ftigen sich im Sachunterricht gerade mit dem Thema &#8222;Schule fr\u00fcher&#8220;. Dazu haben sie ein Museum in Hiddenhausen besucht, um in einer Zeitreise in die Schulzeit vor \u00fcber 100 Jahren einzutauchen.Neben der Besichtigung der Lehrerwohnung wurde dann eine Stunde lang die Zeit zur\u00fcckgedreht. Mit Holzschuhen und Sch\u00fcrze ausgestattet&hellip; mehr lesen","jetpack_sharing_enabled":true,"jetpack_shortlink":"https:\/\/wp.me\/p9HPiT-za","_links":{"self":[{"href":"http:\/\/grundschule-wichern.de\/index.php?rest_route=\/wp\/v2\/posts\/2180","targetHints":{"allow":["GET"]}}],"collection":[{"href":"http:\/\/grundschule-wichern.de\/index.php?rest_route=\/wp\/v2\/posts"}],"about":[{"href":"http:\/\/grundschule-wichern.de\/index.php?rest_route=\/wp\/v2\/types\/post"}],"author":[{"embeddable":true,"href":"http:\/\/grundschule-wichern.de\/index.php?rest_route=\/wp\/v2\/users\/1"}],"replies":[{"embeddable":true,"href":"http:\/\/grundschule-wichern.de\/index.php?rest_route=%2Fwp%2Fv2%2Fcomments&post=2180"}],"version-history":[{"count":1,"href":"http:\/\/grundschule-wichern.de\/index.php?rest_route=\/wp\/v2\/posts\/2180\/revisions"}],"predecessor-version":[{"id":2194,"href":"http:\/\/grundschule-wichern.de\/index.php?rest_route=\/wp\/v2\/posts\/2180\/revisions\/2194"}],"wp:featuredmedia":[{"embeddable":true,"href":"http:\/\/grundschule-wichern.de\/index.php?rest_route=\/wp\/v2\/media\/2193"}],"wp:attachment":[{"href":"http:\/\/grundschule-wichern.de\/index.php?rest_route=%2Fwp%2Fv2%2Fmedia&parent=2180"}],"wp:term":[{"taxonomy":"category","embeddable":true,"href":"http:\/\/grundschule-wichern.de\/index.php?rest_route=%2Fwp%2Fv2%2Fcategories&post=2180"},{"taxonomy":"post_tag","embeddable":true,"href":"http:\/\/grundschule-wichern.de\/index.php?rest_route=%2Fwp%2Fv2%2Ftags&post=2180"}],"curies":[{"name":"wp","href":"https:\/\/api.w.org\/{rel}","templated":true}]}}