{"id":2071,"date":"2023-12-06T11:09:40","date_gmt":"2023-12-06T11:09:40","guid":{"rendered":"http:\/\/grundschule-wichern.de\/?p=2071"},"modified":"2023-12-06T11:10:34","modified_gmt":"2023-12-06T11:10:34","slug":"weihnachtsfeiern","status":"publish","type":"post","link":"http:\/\/grundschule-wichern.de\/?p=2071","title":{"rendered":"Weihnachtsfeiern"},"content":{"rendered":"\n<p>wir sind in der Weihnachtszeit angekommen und in allen Klassen finden tolle Aktionen und Feste statt. \u00dcberall im Haus wird geprobt und gebastelt. Am Basteltag wurden die beiden neuen Weihnachtsb\u00e4ume festlich geschm\u00fcckt und im Mittelpunkt kann man hin und wieder schon musikalische Darbietungen bewundern. Auch unsere 1. Kl\u00e4ssler haben sich gut eingelebt und bereichern unser w\u00f6chentliches Adventssingen mit tollen Beitr\u00e4gen.<\/p>\n","protected":false},"excerpt":{"rendered":"<p>wir sind in der Weihnachtszeit angekommen und in allen Klassen finden tolle Aktionen und Feste statt. \u00dcberall im Haus wird geprobt und gebastelt. Am Basteltag wurden die beiden neuen Weihnachtsb\u00e4ume festlich geschm\u00fcckt und im Mittelpunkt kann man hin und wieder schon musikalische Darbietungen bewundern. Auch unsere 1. Kl\u00e4ssler haben sich&hellip; mehr lesen<\/p>\n","protected":false},"author":4,"featured_media":2072,"comment_status":"closed","ping_status":"open","sticky":false,"template":"","format":"standard","meta":{"_uag_custom_page_level_css":"","jetpack_post_was_ever_published":false,"_jetpack_newsletter_access":"","_jetpack_dont_email_post_to_subs":false,"_jetpack_newsletter_tier_id":0,"_jetpack_memberships_contains_paywalled_content":false,"_jetpack_memberships_contains_paid_content":false,"footnotes":"","jetpack_publicize_message":"","jetpack_publicize_feature_enabled":true,"jetpack_social_post_already_shared":true,"jetpack_social_options":{"image_generator_settings":{"template":"highway","default_image_id":0,"enabled":false},"version":2}},"categories":[3,13,25,26],"tags":[],"class_list":["post-2071","post","type-post","status-publish","format-standard","has-post-thumbnail","hentry","category-aktuelles","category-slider","category-schuljahr-2023-2024","category-schuljahr-2023-2024-2"],"jetpack_publicize_connections":[],"jetpack_featured_media_url":"http:\/\/grundschule-wichern.de\/wp-content\/uploads\/2023\/12\/Floete.jpg","uagb_featured_image_src":{"full":["http:\/\/grundschule-wichern.de\/wp-content\/uploads\/2023\/12\/Floete.jpg",480,640,false],"thumbnail":["http:\/\/grundschule-wichern.de\/wp-content\/uploads\/2023\/12\/Floete-150x150.jpg",150,150,true],"medium":["http:\/\/grundschule-wichern.de\/wp-content\/uploads\/2023\/12\/Floete-225x300.jpg",225,300,true],"medium_large":["http:\/\/grundschule-wichern.de\/wp-content\/uploads\/2023\/12\/Floete.jpg",480,640,false],"large":["http:\/\/grundschule-wichern.de\/wp-content\/uploads\/2023\/12\/Floete.jpg",480,640,false],"1536x1536":["http:\/\/grundschule-wichern.de\/wp-content\/uploads\/2023\/12\/Floete.jpg",480,640,false],"2048x2048":["http:\/\/grundschule-wichern.de\/wp-content\/uploads\/2023\/12\/Floete.jpg",480,640,false],"custom":["http:\/\/grundschule-wichern.de\/wp-content\/uploads\/2023\/12\/Floete-480x350.jpg",480,350,true],"post-thumbnail":["http:\/\/grundschule-wichern.de\/wp-content\/uploads\/2023\/12\/Floete-113x150.jpg",113,150,true],"header":["http:\/\/grundschule-wichern.de\/wp-content\/uploads\/2023\/12\/Floete-480x200.jpg",480,200,true],"slider":["http:\/\/grundschule-wichern.de\/wp-content\/uploads\/2023\/12\/Floete-480x410.jpg",480,410,true],"columns":["http:\/\/grundschule-wichern.de\/wp-content\/uploads\/2023\/12\/Floete-480x300.jpg",480,300,true],"sow-carousel-default":["http:\/\/grundschule-wichern.de\/wp-content\/uploads\/2023\/12\/Floete-272x182.jpg",272,182,true]},"uagb_author_info":{"display_name":"Anja Huck","author_link":"http:\/\/grundschule-wichern.de\/?author=4"},"uagb_comment_info":0,"uagb_excerpt":"wir sind in der Weihnachtszeit angekommen und in allen Klassen finden tolle Aktionen und Feste statt. \u00dcberall im Haus wird geprobt und gebastelt. Am Basteltag wurden die beiden neuen Weihnachtsb\u00e4ume festlich geschm\u00fcckt und im Mittelpunkt kann man hin und wieder schon musikalische Darbietungen bewundern. Auch unsere 1. Kl\u00e4ssler haben sich&hellip; mehr lesen","jetpack_sharing_enabled":true,"jetpack_shortlink":"https:\/\/wp.me\/p9HPiT-xp","_links":{"self":[{"href":"http:\/\/grundschule-wichern.de\/index.php?rest_route=\/wp\/v2\/posts\/2071","targetHints":{"allow":["GET"]}}],"collection":[{"href":"http:\/\/grundschule-wichern.de\/index.php?rest_route=\/wp\/v2\/posts"}],"about":[{"href":"http:\/\/grundschule-wichern.de\/index.php?rest_route=\/wp\/v2\/types\/post"}],"author":[{"embeddable":true,"href":"http:\/\/grundschule-wichern.de\/index.php?rest_route=\/wp\/v2\/users\/4"}],"replies":[{"embeddable":true,"href":"http:\/\/grundschule-wichern.de\/index.php?rest_route=%2Fwp%2Fv2%2Fcomments&post=2071"}],"version-history":[{"count":1,"href":"http:\/\/grundschule-wichern.de\/index.php?rest_route=\/wp\/v2\/posts\/2071\/revisions"}],"predecessor-version":[{"id":2073,"href":"http:\/\/grundschule-wichern.de\/index.php?rest_route=\/wp\/v2\/posts\/2071\/revisions\/2073"}],"wp:featuredmedia":[{"embeddable":true,"href":"http:\/\/grundschule-wichern.de\/index.php?rest_route=\/wp\/v2\/media\/2072"}],"wp:attachment":[{"href":"http:\/\/grundschule-wichern.de\/index.php?rest_route=%2Fwp%2Fv2%2Fmedia&parent=2071"}],"wp:term":[{"taxonomy":"category","embeddable":true,"href":"http:\/\/grundschule-wichern.de\/index.php?rest_route=%2Fwp%2Fv2%2Fcategories&post=2071"},{"taxonomy":"post_tag","embeddable":true,"href":"http:\/\/grundschule-wichern.de\/index.php?rest_route=%2Fwp%2Fv2%2Ftags&post=2071"}],"curies":[{"name":"wp","href":"https:\/\/api.w.org\/{rel}","templated":true}]}}