{"id":2068,"date":"2023-12-06T11:01:18","date_gmt":"2023-12-06T11:01:18","guid":{"rendered":"http:\/\/grundschule-wichern.de\/?p=2068"},"modified":"2023-12-06T11:01:22","modified_gmt":"2023-12-06T11:01:22","slug":"familienbuero-besucht","status":"publish","type":"post","link":"http:\/\/grundschule-wichern.de\/?p=2068","title":{"rendered":"Familienb\u00fcro besucht"},"content":{"rendered":"\n<p>Im Rahmen einer Lehrerkonferenz war das Kollegium des Grundschulverbunds im Familienb\u00fcro der Stadt Bad Oeynhausen. Die Pr\u00e4ventionskette und die vielschichtigen Angebote wurde sehr anschaulich verdeutlicht. Die hellen freundlichen R\u00e4ume fanden guten Anklang und das ganze Kollegium begr\u00fc\u00dfte es sehr, dass die Stadt so ein familienfreundliches Angebot im Kernstadtbereich erm\u00f6glicht.<\/p>\n","protected":false},"excerpt":{"rendered":"<p>Im Rahmen einer Lehrerkonferenz war das Kollegium des Grundschulverbunds im Familienb\u00fcro der Stadt Bad Oeynhausen. Die Pr\u00e4ventionskette und die vielschichtigen Angebote wurde sehr anschaulich verdeutlicht. Die hellen freundlichen R\u00e4ume fanden guten Anklang und das ganze Kollegium begr\u00fc\u00dfte es sehr, dass die Stadt so ein familienfreundliches Angebot im Kernstadtbereich erm\u00f6glicht. mehr lesen<\/p>\n","protected":false},"author":2,"featured_media":2069,"comment_status":"closed","ping_status":"open","sticky":false,"template":"","format":"standard","meta":{"_uag_custom_page_level_css":"","jetpack_post_was_ever_published":false,"_jetpack_newsletter_access":"","_jetpack_dont_email_post_to_subs":false,"_jetpack_newsletter_tier_id":0,"_jetpack_memberships_contains_paywalled_content":false,"_jetpack_memberships_contains_paid_content":false,"footnotes":"","jetpack_publicize_message":"","jetpack_publicize_feature_enabled":true,"jetpack_social_post_already_shared":true,"jetpack_social_options":{"image_generator_settings":{"template":"highway","default_image_id":0,"enabled":false},"version":2}},"categories":[3,13,25,26],"tags":[],"class_list":["post-2068","post","type-post","status-publish","format-standard","has-post-thumbnail","hentry","category-aktuelles","category-slider","category-schuljahr-2023-2024","category-schuljahr-2023-2024-2"],"jetpack_publicize_connections":[],"jetpack_featured_media_url":"http:\/\/grundschule-wichern.de\/wp-content\/uploads\/2023\/12\/Kurstadtkind.jpg","uagb_featured_image_src":{"full":["http:\/\/grundschule-wichern.de\/wp-content\/uploads\/2023\/12\/Kurstadtkind.jpg",640,480,false],"thumbnail":["http:\/\/grundschule-wichern.de\/wp-content\/uploads\/2023\/12\/Kurstadtkind-150x150.jpg",150,150,true],"medium":["http:\/\/grundschule-wichern.de\/wp-content\/uploads\/2023\/12\/Kurstadtkind-300x225.jpg",300,225,true],"medium_large":["http:\/\/grundschule-wichern.de\/wp-content\/uploads\/2023\/12\/Kurstadtkind.jpg",640,480,false],"large":["http:\/\/grundschule-wichern.de\/wp-content\/uploads\/2023\/12\/Kurstadtkind.jpg",640,480,false],"1536x1536":["http:\/\/grundschule-wichern.de\/wp-content\/uploads\/2023\/12\/Kurstadtkind.jpg",640,480,false],"2048x2048":["http:\/\/grundschule-wichern.de\/wp-content\/uploads\/2023\/12\/Kurstadtkind.jpg",640,480,false],"custom":["http:\/\/grundschule-wichern.de\/wp-content\/uploads\/2023\/12\/Kurstadtkind-640x350.jpg",640,350,true],"post-thumbnail":["http:\/\/grundschule-wichern.de\/wp-content\/uploads\/2023\/12\/Kurstadtkind-150x113.jpg",150,113,true],"header":["http:\/\/grundschule-wichern.de\/wp-content\/uploads\/2023\/12\/Kurstadtkind-640x200.jpg",640,200,true],"slider":["http:\/\/grundschule-wichern.de\/wp-content\/uploads\/2023\/12\/Kurstadtkind-640x410.jpg",640,410,true],"columns":["http:\/\/grundschule-wichern.de\/wp-content\/uploads\/2023\/12\/Kurstadtkind-549x300.jpg",549,300,true],"sow-carousel-default":["http:\/\/grundschule-wichern.de\/wp-content\/uploads\/2023\/12\/Kurstadtkind-272x182.jpg",272,182,true]},"uagb_author_info":{"display_name":"Sebastian Pl\u00f6ger","author_link":"http:\/\/grundschule-wichern.de\/?author=2"},"uagb_comment_info":0,"uagb_excerpt":"Im Rahmen einer Lehrerkonferenz war das Kollegium des Grundschulverbunds im Familienb\u00fcro der Stadt Bad Oeynhausen. Die Pr\u00e4ventionskette und die vielschichtigen Angebote wurde sehr anschaulich verdeutlicht. Die hellen freundlichen R\u00e4ume fanden guten Anklang und das ganze Kollegium begr\u00fc\u00dfte es sehr, dass die Stadt so ein familienfreundliches Angebot im Kernstadtbereich erm\u00f6glicht. mehr lesen","jetpack_sharing_enabled":true,"jetpack_shortlink":"https:\/\/wp.me\/p9HPiT-xm","_links":{"self":[{"href":"http:\/\/grundschule-wichern.de\/index.php?rest_route=\/wp\/v2\/posts\/2068","targetHints":{"allow":["GET"]}}],"collection":[{"href":"http:\/\/grundschule-wichern.de\/index.php?rest_route=\/wp\/v2\/posts"}],"about":[{"href":"http:\/\/grundschule-wichern.de\/index.php?rest_route=\/wp\/v2\/types\/post"}],"author":[{"embeddable":true,"href":"http:\/\/grundschule-wichern.de\/index.php?rest_route=\/wp\/v2\/users\/2"}],"replies":[{"embeddable":true,"href":"http:\/\/grundschule-wichern.de\/index.php?rest_route=%2Fwp%2Fv2%2Fcomments&post=2068"}],"version-history":[{"count":1,"href":"http:\/\/grundschule-wichern.de\/index.php?rest_route=\/wp\/v2\/posts\/2068\/revisions"}],"predecessor-version":[{"id":2070,"href":"http:\/\/grundschule-wichern.de\/index.php?rest_route=\/wp\/v2\/posts\/2068\/revisions\/2070"}],"wp:featuredmedia":[{"embeddable":true,"href":"http:\/\/grundschule-wichern.de\/index.php?rest_route=\/wp\/v2\/media\/2069"}],"wp:attachment":[{"href":"http:\/\/grundschule-wichern.de\/index.php?rest_route=%2Fwp%2Fv2%2Fmedia&parent=2068"}],"wp:term":[{"taxonomy":"category","embeddable":true,"href":"http:\/\/grundschule-wichern.de\/index.php?rest_route=%2Fwp%2Fv2%2Fcategories&post=2068"},{"taxonomy":"post_tag","embeddable":true,"href":"http:\/\/grundschule-wichern.de\/index.php?rest_route=%2Fwp%2Fv2%2Ftags&post=2068"}],"curies":[{"name":"wp","href":"https:\/\/api.w.org\/{rel}","templated":true}]}}