{"id":2063,"date":"2023-11-27T06:16:59","date_gmt":"2023-11-27T06:16:59","guid":{"rendered":"http:\/\/grundschule-wichern.de\/?p=2063"},"modified":"2023-11-27T06:17:03","modified_gmt":"2023-11-27T06:17:03","slug":"loher-lesewoche","status":"publish","type":"post","link":"http:\/\/grundschule-wichern.de\/?p=2063","title":{"rendered":"Loher Lesewoche"},"content":{"rendered":"\n<p>Mit Blick auf den Bundesweiten Lesetag am 17. November fand auf der Lohe vom 13. &#8211; 16. November eine Projektlesewoche statt, in der ,,das Lesen zu verschiedenen Themen\u2018\u2018 im Mittelpunkt des Schulgeschehens stand. W\u00e4hrend dieser Lesewoche konnten unsere Grundsch\u00fclerinnen und Grundsch\u00fcler erfahren, wie bereichernd es sein kann, eigenst\u00e4ndig f\u00fcr sich zu lesen, sich vorlesen zu lassen oder anderen Kindern eine Geschichte vorzulesen. Jede Klasse f\u00fchrte dabei auf die Altersgruppe abgestimmte Aktivit\u00e4ten durch.<\/p>\n\n\n\n<p>Berichte der Kinder:<\/p>\n\n\n\n<p>In der ersten Klasse stand das Buch \u201a\u201aDer L\u00f6we in Dir\u201c von Rachel Bright im Mittelpunkt. Die Sch\u00fclerinnen und Sch\u00fcler durften die Geschichte weitererz\u00e4hlen und malten passende Bilder dazu.<\/p>\n\n\n\n<p>Am Mittwoch lernten die Erstkl\u00e4ssler, zusammen mit Kindergartenkindern die Autorin Kristin Flagmeier kennen. Sie stellte ihr Buch ,,Ameise Ari\u2018\u2018 vor und hat den Kindern daraus vorgelesen. Verfasst von Naya (4. Klasse)<\/p>\n\n\n\n<p>Die Zweitkl\u00e4ssler bastelten aus einer Chipsdose eine Leserolle mit dem Cover ihres Lieblingsbuches. In der Lesezeit wurde aus dem Buch ,,Das R\u00e4tsel der Drachenh\u00f6hle\u2018\u2018 von Martin Klein und Betina Gotzen-Beek vorgelesen, welches extra f\u00fcr die Leseprojektwoche angeschafft worden war.<\/p>\n\n\n\n<p>Innerhalb der Leseprojektwoche durften zw\u00f6lf Kinder in das Tierheim nach Vlotho fahren und den Katzen vorlesen.<\/p>\n\n\n\n<p>Verfasst von Mabelle (4. Klasse)&nbsp;<\/p>\n\n\n\n<p>Die Kinder der dritten Klasse befassten sich mit dem Buch ,,Die Sockensuchmaschine\u2018\u2018 von Knister. Dazu wurden Leserollen und Sockenpuppen gebastelt. Zudem haben die Sch\u00fclerinnen und Sch\u00fcler in Kleingruppen einem ,,Leseopi\u2018\u2018 aus dem Buch vorgelesen.<\/p>\n\n\n\n<p>Ein Besuch der Stadtb\u00fccherei fand ebenfalls statt.<\/p>\n\n\n\n<p>Verfasst von Mabelle (4. Klasse)<\/p>\n\n\n\n<p>Die Klasse vier startete in die Leseprojektwoche mit der Gestaltung von Lapbooks zu ihren Lieblingsb\u00fcchern. Zudem haben sie, passend zu ihrem Klassentier, Elefantenlesezeichen gebastelt.<\/p>\n\n\n\n<p>Am Mittwoch besuchten sie die Stadtb\u00fccherei in Bad Oeynhausen und l\u00f6sten ein Quiz. Am darauffolgenden Tag sind die Sch\u00fclerinnen und Sch\u00fcler in den Kindergarten gegangen und haben dort den Kindern vorgelesen.<\/p>\n\n\n\n<p>Verfasst von Tilda (4. Klasse)<\/p>\n\n\n\n<p>Die Leseprojektwoche endete mit dem Lesetag. Dieser begann mit den Pr\u00e4sentationen der jeweiligen Projekte. Jede Klasse stellte ihre Ergebnisse der Patenklasse vor. Anschlie\u00dfend fand das jahrgangs\u00fcbergreifende Vorlesen statt. Die Sch\u00fclerinnen und Sch\u00fcler ordneten sich verschiedenen B\u00fcchern zu, welche im Anschluss von unseren Lehrerinnen, Eltern und sogenannten ,,Leseomis\u2018\u2018 vorgelesen wurden. Zum Schluss fand in jeder Klasse eine Reflexion statt, in der sich alle einig waren, dass diese Projektwoche sehr viel Spa\u00df gemacht hat und f\u00fcr jeden eine Bereicherung war. In diesem Sinne hoffen wir, dass wir dieses Projekt regelm\u00e4\u00dfig stattfinden lassen k\u00f6nnen.<\/p>\n","protected":false},"excerpt":{"rendered":"<p>Mit Blick auf den Bundesweiten Lesetag am 17. November fand auf der Lohe vom 13. &#8211; 16. November eine Projektlesewoche statt, in der ,,das Lesen zu verschiedenen Themen\u2018\u2018 im Mittelpunkt des Schulgeschehens stand. W\u00e4hrend dieser Lesewoche konnten unsere Grundsch\u00fclerinnen und Grundsch\u00fcler erfahren, wie bereichernd es sein kann, eigenst\u00e4ndig f\u00fcr sich&hellip; mehr lesen<\/p>\n","protected":false},"author":4,"featured_media":2064,"comment_status":"closed","ping_status":"open","sticky":false,"template":"","format":"standard","meta":{"_uag_custom_page_level_css":"","jetpack_post_was_ever_published":false,"_jetpack_newsletter_access":"","_jetpack_dont_email_post_to_subs":false,"_jetpack_newsletter_tier_id":0,"_jetpack_memberships_contains_paywalled_content":false,"_jetpack_memberships_contains_paid_content":false,"footnotes":"","jetpack_publicize_message":"","jetpack_publicize_feature_enabled":true,"jetpack_social_post_already_shared":true,"jetpack_social_options":{"image_generator_settings":{"template":"highway","default_image_id":0,"enabled":false},"version":2}},"categories":[3,13,26,25],"tags":[],"class_list":["post-2063","post","type-post","status-publish","format-standard","has-post-thumbnail","hentry","category-aktuelles","category-slider","category-schuljahr-2023-2024-2","category-schuljahr-2023-2024"],"jetpack_publicize_connections":[],"jetpack_featured_media_url":"http:\/\/grundschule-wichern.de\/wp-content\/uploads\/2023\/11\/lesewoche.jpg","uagb_featured_image_src":{"full":["http:\/\/grundschule-wichern.de\/wp-content\/uploads\/2023\/11\/lesewoche.jpg",231,233,false],"thumbnail":["http:\/\/grundschule-wichern.de\/wp-content\/uploads\/2023\/11\/lesewoche-150x150.jpg",150,150,true],"medium":["http:\/\/grundschule-wichern.de\/wp-content\/uploads\/2023\/11\/lesewoche.jpg",231,233,false],"medium_large":["http:\/\/grundschule-wichern.de\/wp-content\/uploads\/2023\/11\/lesewoche.jpg",231,233,false],"large":["http:\/\/grundschule-wichern.de\/wp-content\/uploads\/2023\/11\/lesewoche.jpg",231,233,false],"1536x1536":["http:\/\/grundschule-wichern.de\/wp-content\/uploads\/2023\/11\/lesewoche.jpg",231,233,false],"2048x2048":["http:\/\/grundschule-wichern.de\/wp-content\/uploads\/2023\/11\/lesewoche.jpg",231,233,false],"custom":["http:\/\/grundschule-wichern.de\/wp-content\/uploads\/2023\/11\/lesewoche.jpg",231,233,false],"post-thumbnail":["http:\/\/grundschule-wichern.de\/wp-content\/uploads\/2023\/11\/lesewoche-150x150.jpg",150,150,true],"header":["http:\/\/grundschule-wichern.de\/wp-content\/uploads\/2023\/11\/lesewoche-231x200.jpg",231,200,true],"slider":["http:\/\/grundschule-wichern.de\/wp-content\/uploads\/2023\/11\/lesewoche.jpg",231,233,false],"columns":["http:\/\/grundschule-wichern.de\/wp-content\/uploads\/2023\/11\/lesewoche.jpg",231,233,false],"sow-carousel-default":["http:\/\/grundschule-wichern.de\/wp-content\/uploads\/2023\/11\/lesewoche-231x182.jpg",231,182,true]},"uagb_author_info":{"display_name":"Anja Huck","author_link":"http:\/\/grundschule-wichern.de\/?author=4"},"uagb_comment_info":0,"uagb_excerpt":"Mit Blick auf den Bundesweiten Lesetag am 17. November fand auf der Lohe vom 13. &#8211; 16. November eine Projektlesewoche statt, in der ,,das Lesen zu verschiedenen Themen\u2018\u2018 im Mittelpunkt des Schulgeschehens stand. W\u00e4hrend dieser Lesewoche konnten unsere Grundsch\u00fclerinnen und Grundsch\u00fcler erfahren, wie bereichernd es sein kann, eigenst\u00e4ndig f\u00fcr sich&hellip; mehr lesen","jetpack_sharing_enabled":true,"jetpack_shortlink":"https:\/\/wp.me\/p9HPiT-xh","_links":{"self":[{"href":"http:\/\/grundschule-wichern.de\/index.php?rest_route=\/wp\/v2\/posts\/2063","targetHints":{"allow":["GET"]}}],"collection":[{"href":"http:\/\/grundschule-wichern.de\/index.php?rest_route=\/wp\/v2\/posts"}],"about":[{"href":"http:\/\/grundschule-wichern.de\/index.php?rest_route=\/wp\/v2\/types\/post"}],"author":[{"embeddable":true,"href":"http:\/\/grundschule-wichern.de\/index.php?rest_route=\/wp\/v2\/users\/4"}],"replies":[{"embeddable":true,"href":"http:\/\/grundschule-wichern.de\/index.php?rest_route=%2Fwp%2Fv2%2Fcomments&post=2063"}],"version-history":[{"count":1,"href":"http:\/\/grundschule-wichern.de\/index.php?rest_route=\/wp\/v2\/posts\/2063\/revisions"}],"predecessor-version":[{"id":2065,"href":"http:\/\/grundschule-wichern.de\/index.php?rest_route=\/wp\/v2\/posts\/2063\/revisions\/2065"}],"wp:featuredmedia":[{"embeddable":true,"href":"http:\/\/grundschule-wichern.de\/index.php?rest_route=\/wp\/v2\/media\/2064"}],"wp:attachment":[{"href":"http:\/\/grundschule-wichern.de\/index.php?rest_route=%2Fwp%2Fv2%2Fmedia&parent=2063"}],"wp:term":[{"taxonomy":"category","embeddable":true,"href":"http:\/\/grundschule-wichern.de\/index.php?rest_route=%2Fwp%2Fv2%2Fcategories&post=2063"},{"taxonomy":"post_tag","embeddable":true,"href":"http:\/\/grundschule-wichern.de\/index.php?rest_route=%2Fwp%2Fv2%2Ftags&post=2063"}],"curies":[{"name":"wp","href":"https:\/\/api.w.org\/{rel}","templated":true}]}}