{"id":2055,"date":"2023-11-16T07:32:55","date_gmt":"2023-11-16T07:32:55","guid":{"rendered":"http:\/\/grundschule-wichern.de\/?p=2055"},"modified":"2023-11-16T07:32:58","modified_gmt":"2023-11-16T07:32:58","slug":"infoabend-der-weiterfuehrenden-schulformen","status":"publish","type":"post","link":"http:\/\/grundschule-wichern.de\/?p=2055","title":{"rendered":"Infoabend der weiterf\u00fchrenden Schulformen"},"content":{"rendered":"\n<p>Viele interessierte Eltern der 4. Kl\u00e4ssler*innen waren zum Infoabend in den Mittelpunkt der Wichern Grundschule gekommen. F\u00fcr die Grundschulen im S\u00fcden der Kurstadt hatten sich die Koordinatorinnen der Realschule, Gesamtschule und des Gymnasiums eine kurzweilige Vorstellung des Bildungssystems \u00fcberlegt. Am Ende der Veranstaltung war noch viel Raum f\u00fcr Nachfragen.<\/p>\n","protected":false},"excerpt":{"rendered":"<p>Viele interessierte Eltern der 4. Kl\u00e4ssler*innen waren zum Infoabend in den Mittelpunkt der Wichern Grundschule gekommen. F\u00fcr die Grundschulen im S\u00fcden der Kurstadt hatten sich die Koordinatorinnen der Realschule, Gesamtschule und des Gymnasiums eine kurzweilige Vorstellung des Bildungssystems \u00fcberlegt. Am Ende der Veranstaltung war noch viel Raum f\u00fcr Nachfragen. mehr lesen<\/p>\n","protected":false},"author":4,"featured_media":2056,"comment_status":"closed","ping_status":"open","sticky":false,"template":"","format":"standard","meta":{"_uag_custom_page_level_css":"","jetpack_post_was_ever_published":false,"_jetpack_newsletter_access":"","_jetpack_dont_email_post_to_subs":false,"_jetpack_newsletter_tier_id":0,"_jetpack_memberships_contains_paywalled_content":false,"_jetpack_memberships_contains_paid_content":false,"footnotes":"","jetpack_publicize_message":"","jetpack_publicize_feature_enabled":true,"jetpack_social_post_already_shared":true,"jetpack_social_options":{"image_generator_settings":{"template":"highway","default_image_id":0,"enabled":false},"version":2}},"categories":[13,3,23,26],"tags":[],"class_list":["post-2055","post","type-post","status-publish","format-standard","has-post-thumbnail","hentry","category-slider","category-aktuelles","category-schuljahr-2022-2023","category-schuljahr-2023-2024-2"],"jetpack_publicize_connections":[],"jetpack_featured_media_url":"http:\/\/grundschule-wichern.de\/wp-content\/uploads\/2023\/11\/Infoabend.jpg","uagb_featured_image_src":{"full":["http:\/\/grundschule-wichern.de\/wp-content\/uploads\/2023\/11\/Infoabend.jpg",320,240,false],"thumbnail":["http:\/\/grundschule-wichern.de\/wp-content\/uploads\/2023\/11\/Infoabend-150x150.jpg",150,150,true],"medium":["http:\/\/grundschule-wichern.de\/wp-content\/uploads\/2023\/11\/Infoabend-300x225.jpg",300,225,true],"medium_large":["http:\/\/grundschule-wichern.de\/wp-content\/uploads\/2023\/11\/Infoabend.jpg",320,240,false],"large":["http:\/\/grundschule-wichern.de\/wp-content\/uploads\/2023\/11\/Infoabend.jpg",320,240,false],"1536x1536":["http:\/\/grundschule-wichern.de\/wp-content\/uploads\/2023\/11\/Infoabend.jpg",320,240,false],"2048x2048":["http:\/\/grundschule-wichern.de\/wp-content\/uploads\/2023\/11\/Infoabend.jpg",320,240,false],"custom":["http:\/\/grundschule-wichern.de\/wp-content\/uploads\/2023\/11\/Infoabend.jpg",320,240,false],"post-thumbnail":["http:\/\/grundschule-wichern.de\/wp-content\/uploads\/2023\/11\/Infoabend-150x113.jpg",150,113,true],"header":["http:\/\/grundschule-wichern.de\/wp-content\/uploads\/2023\/11\/Infoabend-320x200.jpg",320,200,true],"slider":["http:\/\/grundschule-wichern.de\/wp-content\/uploads\/2023\/11\/Infoabend.jpg",320,240,false],"columns":["http:\/\/grundschule-wichern.de\/wp-content\/uploads\/2023\/11\/Infoabend.jpg",320,240,false],"sow-carousel-default":["http:\/\/grundschule-wichern.de\/wp-content\/uploads\/2023\/11\/Infoabend-272x182.jpg",272,182,true]},"uagb_author_info":{"display_name":"Anja Huck","author_link":"http:\/\/grundschule-wichern.de\/?author=4"},"uagb_comment_info":0,"uagb_excerpt":"Viele interessierte Eltern der 4. Kl\u00e4ssler*innen waren zum Infoabend in den Mittelpunkt der Wichern Grundschule gekommen. F\u00fcr die Grundschulen im S\u00fcden der Kurstadt hatten sich die Koordinatorinnen der Realschule, Gesamtschule und des Gymnasiums eine kurzweilige Vorstellung des Bildungssystems \u00fcberlegt. Am Ende der Veranstaltung war noch viel Raum f\u00fcr Nachfragen. mehr lesen","jetpack_sharing_enabled":true,"jetpack_shortlink":"https:\/\/wp.me\/p9HPiT-x9","_links":{"self":[{"href":"http:\/\/grundschule-wichern.de\/index.php?rest_route=\/wp\/v2\/posts\/2055","targetHints":{"allow":["GET"]}}],"collection":[{"href":"http:\/\/grundschule-wichern.de\/index.php?rest_route=\/wp\/v2\/posts"}],"about":[{"href":"http:\/\/grundschule-wichern.de\/index.php?rest_route=\/wp\/v2\/types\/post"}],"author":[{"embeddable":true,"href":"http:\/\/grundschule-wichern.de\/index.php?rest_route=\/wp\/v2\/users\/4"}],"replies":[{"embeddable":true,"href":"http:\/\/grundschule-wichern.de\/index.php?rest_route=%2Fwp%2Fv2%2Fcomments&post=2055"}],"version-history":[{"count":1,"href":"http:\/\/grundschule-wichern.de\/index.php?rest_route=\/wp\/v2\/posts\/2055\/revisions"}],"predecessor-version":[{"id":2057,"href":"http:\/\/grundschule-wichern.de\/index.php?rest_route=\/wp\/v2\/posts\/2055\/revisions\/2057"}],"wp:featuredmedia":[{"embeddable":true,"href":"http:\/\/grundschule-wichern.de\/index.php?rest_route=\/wp\/v2\/media\/2056"}],"wp:attachment":[{"href":"http:\/\/grundschule-wichern.de\/index.php?rest_route=%2Fwp%2Fv2%2Fmedia&parent=2055"}],"wp:term":[{"taxonomy":"category","embeddable":true,"href":"http:\/\/grundschule-wichern.de\/index.php?rest_route=%2Fwp%2Fv2%2Fcategories&post=2055"},{"taxonomy":"post_tag","embeddable":true,"href":"http:\/\/grundschule-wichern.de\/index.php?rest_route=%2Fwp%2Fv2%2Ftags&post=2055"}],"curies":[{"name":"wp","href":"https:\/\/api.w.org\/{rel}","templated":true}]}}