{"id":2052,"date":"2023-11-16T07:15:57","date_gmt":"2023-11-16T07:15:57","guid":{"rendered":"http:\/\/grundschule-wichern.de\/?p=2052"},"modified":"2023-11-16T07:17:56","modified_gmt":"2023-11-16T07:17:56","slug":"autorenlesung-ameise-ari","status":"publish","type":"post","link":"http:\/\/grundschule-wichern.de\/?p=2052","title":{"rendered":"Autorenlesung Ameise Ari"},"content":{"rendered":"\n<p>Am 15.11. besuchte uns Frau Flagmeier aus Vlotho mit ihrem neuen Kinderbuch &#8222;Ameise Ari&#8220;. Unsere ersten Klassen und die Kinderg\u00e4rten Sausewind, Luftikus und Pusteblume sa\u00dfen gespannt auf den vorbereiteten Pl\u00e4tzen in der Schule und lauschten Frau Flagmeier, die von den Abenteuern der kleinen Ameise erz\u00e4hlte. Am Ende der kurzweiligen Lesung gab es dann viele Fragen an die Autorin, die jedem Schulstandort zwei Bilderb\u00fccher schenkte, die nun in den Sch\u00fclerb\u00fcchereien der Standorte stehen.<\/p>\n","protected":false},"excerpt":{"rendered":"<p>Am 15.11. besuchte uns Frau Flagmeier aus Vlotho mit ihrem neuen Kinderbuch &#8222;Ameise Ari&#8220;. Unsere ersten Klassen und die Kinderg\u00e4rten Sausewind, Luftikus und Pusteblume sa\u00dfen gespannt auf den vorbereiteten Pl\u00e4tzen in der Schule und lauschten Frau Flagmeier, die von den Abenteuern der kleinen Ameise erz\u00e4hlte. Am Ende der kurzweiligen Lesung&hellip; mehr lesen<\/p>\n","protected":false},"author":4,"featured_media":2053,"comment_status":"closed","ping_status":"open","sticky":false,"template":"","format":"standard","meta":{"_uag_custom_page_level_css":"","jetpack_post_was_ever_published":false,"_jetpack_newsletter_access":"","_jetpack_dont_email_post_to_subs":false,"_jetpack_newsletter_tier_id":0,"_jetpack_memberships_contains_paywalled_content":false,"_jetpack_memberships_contains_paid_content":false,"footnotes":"","jetpack_publicize_message":"","jetpack_publicize_feature_enabled":true,"jetpack_social_post_already_shared":true,"jetpack_social_options":{"image_generator_settings":{"template":"highway","default_image_id":0,"enabled":false},"version":2}},"categories":[3,13,26,25],"tags":[],"class_list":["post-2052","post","type-post","status-publish","format-standard","has-post-thumbnail","hentry","category-aktuelles","category-slider","category-schuljahr-2023-2024-2","category-schuljahr-2023-2024"],"jetpack_publicize_connections":[],"jetpack_featured_media_url":"http:\/\/grundschule-wichern.de\/wp-content\/uploads\/2023\/11\/Autor.jpg","uagb_featured_image_src":{"full":["http:\/\/grundschule-wichern.de\/wp-content\/uploads\/2023\/11\/Autor.jpg",320,240,false],"thumbnail":["http:\/\/grundschule-wichern.de\/wp-content\/uploads\/2023\/11\/Autor-150x150.jpg",150,150,true],"medium":["http:\/\/grundschule-wichern.de\/wp-content\/uploads\/2023\/11\/Autor-300x225.jpg",300,225,true],"medium_large":["http:\/\/grundschule-wichern.de\/wp-content\/uploads\/2023\/11\/Autor.jpg",320,240,false],"large":["http:\/\/grundschule-wichern.de\/wp-content\/uploads\/2023\/11\/Autor.jpg",320,240,false],"1536x1536":["http:\/\/grundschule-wichern.de\/wp-content\/uploads\/2023\/11\/Autor.jpg",320,240,false],"2048x2048":["http:\/\/grundschule-wichern.de\/wp-content\/uploads\/2023\/11\/Autor.jpg",320,240,false],"custom":["http:\/\/grundschule-wichern.de\/wp-content\/uploads\/2023\/11\/Autor.jpg",320,240,false],"post-thumbnail":["http:\/\/grundschule-wichern.de\/wp-content\/uploads\/2023\/11\/Autor-150x113.jpg",150,113,true],"header":["http:\/\/grundschule-wichern.de\/wp-content\/uploads\/2023\/11\/Autor-320x200.jpg",320,200,true],"slider":["http:\/\/grundschule-wichern.de\/wp-content\/uploads\/2023\/11\/Autor.jpg",320,240,false],"columns":["http:\/\/grundschule-wichern.de\/wp-content\/uploads\/2023\/11\/Autor.jpg",320,240,false],"sow-carousel-default":["http:\/\/grundschule-wichern.de\/wp-content\/uploads\/2023\/11\/Autor-272x182.jpg",272,182,true]},"uagb_author_info":{"display_name":"Anja Huck","author_link":"http:\/\/grundschule-wichern.de\/?author=4"},"uagb_comment_info":0,"uagb_excerpt":"Am 15.11. besuchte uns Frau Flagmeier aus Vlotho mit ihrem neuen Kinderbuch &#8222;Ameise Ari&#8220;. Unsere ersten Klassen und die Kinderg\u00e4rten Sausewind, Luftikus und Pusteblume sa\u00dfen gespannt auf den vorbereiteten Pl\u00e4tzen in der Schule und lauschten Frau Flagmeier, die von den Abenteuern der kleinen Ameise erz\u00e4hlte. Am Ende der kurzweiligen Lesung&hellip; mehr lesen","jetpack_sharing_enabled":true,"jetpack_shortlink":"https:\/\/wp.me\/p9HPiT-x6","_links":{"self":[{"href":"http:\/\/grundschule-wichern.de\/index.php?rest_route=\/wp\/v2\/posts\/2052","targetHints":{"allow":["GET"]}}],"collection":[{"href":"http:\/\/grundschule-wichern.de\/index.php?rest_route=\/wp\/v2\/posts"}],"about":[{"href":"http:\/\/grundschule-wichern.de\/index.php?rest_route=\/wp\/v2\/types\/post"}],"author":[{"embeddable":true,"href":"http:\/\/grundschule-wichern.de\/index.php?rest_route=\/wp\/v2\/users\/4"}],"replies":[{"embeddable":true,"href":"http:\/\/grundschule-wichern.de\/index.php?rest_route=%2Fwp%2Fv2%2Fcomments&post=2052"}],"version-history":[{"count":1,"href":"http:\/\/grundschule-wichern.de\/index.php?rest_route=\/wp\/v2\/posts\/2052\/revisions"}],"predecessor-version":[{"id":2054,"href":"http:\/\/grundschule-wichern.de\/index.php?rest_route=\/wp\/v2\/posts\/2052\/revisions\/2054"}],"wp:featuredmedia":[{"embeddable":true,"href":"http:\/\/grundschule-wichern.de\/index.php?rest_route=\/wp\/v2\/media\/2053"}],"wp:attachment":[{"href":"http:\/\/grundschule-wichern.de\/index.php?rest_route=%2Fwp%2Fv2%2Fmedia&parent=2052"}],"wp:term":[{"taxonomy":"category","embeddable":true,"href":"http:\/\/grundschule-wichern.de\/index.php?rest_route=%2Fwp%2Fv2%2Fcategories&post=2052"},{"taxonomy":"post_tag","embeddable":true,"href":"http:\/\/grundschule-wichern.de\/index.php?rest_route=%2Fwp%2Fv2%2Ftags&post=2052"}],"curies":[{"name":"wp","href":"https:\/\/api.w.org\/{rel}","templated":true}]}}