{"id":2031,"date":"2023-06-13T12:08:12","date_gmt":"2023-06-13T12:08:12","guid":{"rendered":"http:\/\/grundschule-wichern.de\/?p=2031"},"modified":"2023-06-29T12:10:38","modified_gmt":"2023-06-29T12:10:38","slug":"besuch-der-freilichtbuehne-porta","status":"publish","type":"post","link":"http:\/\/grundschule-wichern.de\/?p=2031","title":{"rendered":"Besuch der Freilichtb\u00fchne Porta"},"content":{"rendered":"\n<p>Der Besuch der Porta B\u00fchne gestaltete sich sehr schwierig und es sah eine ganze Weile so aus, als ob er nicht stattfinden k\u00f6nnte. Zwar konnten wir Karten ergattern, aber es gab einfach keinen Bus mehr, der uns zur B\u00fchne fahren k\u00f6nnte. Als wir den Kindern davon erz\u00e4hlten, haben sie so s\u00fc\u00df reagiert und gesagt, dass es nicht schlimm sei. Frau Dalpke klemmte sich jedoch hinter das Projekt und organisierte uns im letzten Moment einen Bus, so dass wir zusammen mit der 2a und 2b doch noch losfahren konnten.<\/p>\n\n\n\n<p>Diesmal mussten alle Kinder p\u00fcnktlich schon um 7:45 Uhr im Bus sitzen. Wir waren sehr stolz, dass fast alle p\u00fcnktlich im Bus sa\u00dfen. Schnell waren wir in Porta angekommen und den kurzen Weg zur B\u00fchne hochgelaufen. Wir waren mit die Ersten und sa\u00dfen z\u00fcgig auf unseren Pl\u00e4tzen. Nat\u00fcrlich musstet erst einmal fr\u00fchst\u00fccken werden. Schnell f\u00fcllten sich die Sitzreihen und schon ging das Theaterst\u00fcck los. Die Ratten zogen alle sofort in ihren Bann und auch der Zauberer machte m\u00e4chtig Eindruck. Der gestiefelte Kater hatten eine gro\u00dfe Klappe und am Ende ganz viel Mut und List. Besonders beeindruckt waren alle von den jungen Schauspielern und Schauspielerinnen und den Effekten rum um die B\u00fchnentechnik.<\/p>\n\n\n\n<p>Der Besuch der Porta B\u00fchne hat sich sehr gelohnt und war eine tolle Erfahrung, die den Kindern hoffentlich lange in Erinnerung bleibt. Das Theaterst\u00fcck \u201eRabatz im Zauberwald\u201c war sehr sch\u00f6n und ein wundervolles Abenteuer \u00fcber Freundschaft und Zusammenhalt.&nbsp;<\/p>\n\n\n\n<figure class=\"wp-block-gallery has-nested-images columns-default is-cropped wp-block-gallery-1 is-layout-flex wp-block-gallery-is-layout-flex\">\n<figure class=\"wp-block-image size-large\"><img loading=\"lazy\" decoding=\"async\" width=\"768\" height=\"1024\" data-id=\"2033\" src=\"http:\/\/grundschule-wichern.de\/wp-content\/uploads\/2023\/06\/PHOTO-2023-06-29-13-57-02-768x1024.jpg\" alt=\"\" class=\"wp-image-2033\" srcset=\"http:\/\/grundschule-wichern.de\/wp-content\/uploads\/2023\/06\/PHOTO-2023-06-29-13-57-02-768x1024.jpg 768w, http:\/\/grundschule-wichern.de\/wp-content\/uploads\/2023\/06\/PHOTO-2023-06-29-13-57-02-225x300.jpg 225w, http:\/\/grundschule-wichern.de\/wp-content\/uploads\/2023\/06\/PHOTO-2023-06-29-13-57-02-1152x1536.jpg 1152w, http:\/\/grundschule-wichern.de\/wp-content\/uploads\/2023\/06\/PHOTO-2023-06-29-13-57-02-113x150.jpg 113w, http:\/\/grundschule-wichern.de\/wp-content\/uploads\/2023\/06\/PHOTO-2023-06-29-13-57-02.jpg 1200w\" sizes=\"auto, (max-width: 768px) 100vw, 768px\" \/><\/figure>\n\n\n\n<figure class=\"wp-block-image size-large\"><img loading=\"lazy\" decoding=\"async\" width=\"768\" height=\"1024\" data-id=\"2032\" src=\"http:\/\/grundschule-wichern.de\/wp-content\/uploads\/2023\/06\/PHOTO-2023-06-29-13-57-03-2-768x1024.jpg\" alt=\"\" class=\"wp-image-2032\" srcset=\"http:\/\/grundschule-wichern.de\/wp-content\/uploads\/2023\/06\/PHOTO-2023-06-29-13-57-03-2-768x1024.jpg 768w, http:\/\/grundschule-wichern.de\/wp-content\/uploads\/2023\/06\/PHOTO-2023-06-29-13-57-03-2-225x300.jpg 225w, http:\/\/grundschule-wichern.de\/wp-content\/uploads\/2023\/06\/PHOTO-2023-06-29-13-57-03-2-1152x1536.jpg 1152w, http:\/\/grundschule-wichern.de\/wp-content\/uploads\/2023\/06\/PHOTO-2023-06-29-13-57-03-2-113x150.jpg 113w, http:\/\/grundschule-wichern.de\/wp-content\/uploads\/2023\/06\/PHOTO-2023-06-29-13-57-03-2.jpg 1200w\" sizes=\"auto, (max-width: 768px) 100vw, 768px\" \/><\/figure>\n\n\n\n<figure class=\"wp-block-image size-large\"><img loading=\"lazy\" decoding=\"async\" width=\"1024\" height=\"768\" data-id=\"2034\" src=\"http:\/\/grundschule-wichern.de\/wp-content\/uploads\/2023\/06\/PHOTO-2023-06-29-13-57-03-1024x768.jpg\" alt=\"\" class=\"wp-image-2034\" srcset=\"http:\/\/grundschule-wichern.de\/wp-content\/uploads\/2023\/06\/PHOTO-2023-06-29-13-57-03-1024x768.jpg 1024w, http:\/\/grundschule-wichern.de\/wp-content\/uploads\/2023\/06\/PHOTO-2023-06-29-13-57-03-300x225.jpg 300w, http:\/\/grundschule-wichern.de\/wp-content\/uploads\/2023\/06\/PHOTO-2023-06-29-13-57-03-768x576.jpg 768w, http:\/\/grundschule-wichern.de\/wp-content\/uploads\/2023\/06\/PHOTO-2023-06-29-13-57-03-1536x1152.jpg 1536w, http:\/\/grundschule-wichern.de\/wp-content\/uploads\/2023\/06\/PHOTO-2023-06-29-13-57-03-150x113.jpg 150w, http:\/\/grundschule-wichern.de\/wp-content\/uploads\/2023\/06\/PHOTO-2023-06-29-13-57-03.jpg 1600w\" sizes=\"auto, (max-width: 1024px) 100vw, 1024px\" \/><\/figure>\n\n\n\n<figure class=\"wp-block-image size-large\"><img loading=\"lazy\" decoding=\"async\" width=\"1024\" height=\"768\" data-id=\"2035\" src=\"http:\/\/grundschule-wichern.de\/wp-content\/uploads\/2023\/06\/PHOTO-2023-06-29-13-57-04-1024x768.jpg\" alt=\"\" class=\"wp-image-2035\" srcset=\"http:\/\/grundschule-wichern.de\/wp-content\/uploads\/2023\/06\/PHOTO-2023-06-29-13-57-04-1024x768.jpg 1024w, http:\/\/grundschule-wichern.de\/wp-content\/uploads\/2023\/06\/PHOTO-2023-06-29-13-57-04-300x225.jpg 300w, http:\/\/grundschule-wichern.de\/wp-content\/uploads\/2023\/06\/PHOTO-2023-06-29-13-57-04-768x576.jpg 768w, http:\/\/grundschule-wichern.de\/wp-content\/uploads\/2023\/06\/PHOTO-2023-06-29-13-57-04-1536x1152.jpg 1536w, http:\/\/grundschule-wichern.de\/wp-content\/uploads\/2023\/06\/PHOTO-2023-06-29-13-57-04-150x113.jpg 150w, http:\/\/grundschule-wichern.de\/wp-content\/uploads\/2023\/06\/PHOTO-2023-06-29-13-57-04.jpg 1600w\" sizes=\"auto, (max-width: 1024px) 100vw, 1024px\" \/><\/figure>\n<\/figure>\n","protected":false},"excerpt":{"rendered":"<p>Der Besuch der Porta B\u00fchne gestaltete sich sehr schwierig und es sah eine ganze Weile so aus, als ob er nicht stattfinden k\u00f6nnte. Zwar konnten wir Karten ergattern, aber es gab einfach keinen Bus mehr, der uns zur B\u00fchne fahren k\u00f6nnte. Als wir den Kindern davon erz\u00e4hlten, haben sie so&hellip; mehr lesen<\/p>\n","protected":false},"author":1,"featured_media":2035,"comment_status":"closed","ping_status":"open","sticky":false,"template":"","format":"standard","meta":{"_uag_custom_page_level_css":"","jetpack_post_was_ever_published":false,"_jetpack_newsletter_access":"","_jetpack_dont_email_post_to_subs":false,"_jetpack_newsletter_tier_id":0,"_jetpack_memberships_contains_paywalled_content":false,"_jetpack_memberships_contains_paid_content":false,"footnotes":"","jetpack_publicize_message":"","jetpack_publicize_feature_enabled":true,"jetpack_social_post_already_shared":true,"jetpack_social_options":{"image_generator_settings":{"template":"highway","default_image_id":0,"enabled":false},"version":2}},"categories":[3,13,23,9],"tags":[],"class_list":["post-2031","post","type-post","status-publish","format-standard","has-post-thumbnail","hentry","category-aktuelles","category-slider","category-schuljahr-2022-2023","category-spalten"],"jetpack_publicize_connections":[],"jetpack_featured_media_url":"http:\/\/grundschule-wichern.de\/wp-content\/uploads\/2023\/06\/PHOTO-2023-06-29-13-57-04.jpg","uagb_featured_image_src":{"full":["http:\/\/grundschule-wichern.de\/wp-content\/uploads\/2023\/06\/PHOTO-2023-06-29-13-57-04.jpg",1600,1200,false],"thumbnail":["http:\/\/grundschule-wichern.de\/wp-content\/uploads\/2023\/06\/PHOTO-2023-06-29-13-57-04-150x150.jpg",150,150,true],"medium":["http:\/\/grundschule-wichern.de\/wp-content\/uploads\/2023\/06\/PHOTO-2023-06-29-13-57-04-300x225.jpg",300,225,true],"medium_large":["http:\/\/grundschule-wichern.de\/wp-content\/uploads\/2023\/06\/PHOTO-2023-06-29-13-57-04-768x576.jpg",768,576,true],"large":["http:\/\/grundschule-wichern.de\/wp-content\/uploads\/2023\/06\/PHOTO-2023-06-29-13-57-04-1024x768.jpg",1024,768,true],"1536x1536":["http:\/\/grundschule-wichern.de\/wp-content\/uploads\/2023\/06\/PHOTO-2023-06-29-13-57-04-1536x1152.jpg",1536,1152,true],"2048x2048":["http:\/\/grundschule-wichern.de\/wp-content\/uploads\/2023\/06\/PHOTO-2023-06-29-13-57-04.jpg",1600,1200,false],"custom":["http:\/\/grundschule-wichern.de\/wp-content\/uploads\/2023\/06\/PHOTO-2023-06-29-13-57-04-780x350.jpg",780,350,true],"post-thumbnail":["http:\/\/grundschule-wichern.de\/wp-content\/uploads\/2023\/06\/PHOTO-2023-06-29-13-57-04-150x113.jpg",150,113,true],"header":["http:\/\/grundschule-wichern.de\/wp-content\/uploads\/2023\/06\/PHOTO-2023-06-29-13-57-04-1600x200.jpg",1600,200,true],"slider":["http:\/\/grundschule-wichern.de\/wp-content\/uploads\/2023\/06\/PHOTO-2023-06-29-13-57-04-1180x410.jpg",1180,410,true],"columns":["http:\/\/grundschule-wichern.de\/wp-content\/uploads\/2023\/06\/PHOTO-2023-06-29-13-57-04-549x300.jpg",549,300,true],"sow-carousel-default":["http:\/\/grundschule-wichern.de\/wp-content\/uploads\/2023\/06\/PHOTO-2023-06-29-13-57-04-272x182.jpg",272,182,true]},"uagb_author_info":{"display_name":"Hille","author_link":"http:\/\/grundschule-wichern.de\/?author=1"},"uagb_comment_info":0,"uagb_excerpt":"Der Besuch der Porta B\u00fchne gestaltete sich sehr schwierig und es sah eine ganze Weile so aus, als ob er nicht stattfinden k\u00f6nnte. Zwar konnten wir Karten ergattern, aber es gab einfach keinen Bus mehr, der uns zur B\u00fchne fahren k\u00f6nnte. Als wir den Kindern davon erz\u00e4hlten, haben sie so&hellip; mehr lesen","jetpack_sharing_enabled":true,"jetpack_shortlink":"https:\/\/wp.me\/p9HPiT-wL","_links":{"self":[{"href":"http:\/\/grundschule-wichern.de\/index.php?rest_route=\/wp\/v2\/posts\/2031","targetHints":{"allow":["GET"]}}],"collection":[{"href":"http:\/\/grundschule-wichern.de\/index.php?rest_route=\/wp\/v2\/posts"}],"about":[{"href":"http:\/\/grundschule-wichern.de\/index.php?rest_route=\/wp\/v2\/types\/post"}],"author":[{"embeddable":true,"href":"http:\/\/grundschule-wichern.de\/index.php?rest_route=\/wp\/v2\/users\/1"}],"replies":[{"embeddable":true,"href":"http:\/\/grundschule-wichern.de\/index.php?rest_route=%2Fwp%2Fv2%2Fcomments&post=2031"}],"version-history":[{"count":1,"href":"http:\/\/grundschule-wichern.de\/index.php?rest_route=\/wp\/v2\/posts\/2031\/revisions"}],"predecessor-version":[{"id":2036,"href":"http:\/\/grundschule-wichern.de\/index.php?rest_route=\/wp\/v2\/posts\/2031\/revisions\/2036"}],"wp:featuredmedia":[{"embeddable":true,"href":"http:\/\/grundschule-wichern.de\/index.php?rest_route=\/wp\/v2\/media\/2035"}],"wp:attachment":[{"href":"http:\/\/grundschule-wichern.de\/index.php?rest_route=%2Fwp%2Fv2%2Fmedia&parent=2031"}],"wp:term":[{"taxonomy":"category","embeddable":true,"href":"http:\/\/grundschule-wichern.de\/index.php?rest_route=%2Fwp%2Fv2%2Fcategories&post=2031"},{"taxonomy":"post_tag","embeddable":true,"href":"http:\/\/grundschule-wichern.de\/index.php?rest_route=%2Fwp%2Fv2%2Ftags&post=2031"}],"curies":[{"name":"wp","href":"https:\/\/api.w.org\/{rel}","templated":true}]}}