{"id":2016,"date":"2023-05-08T06:26:29","date_gmt":"2023-05-08T06:26:29","guid":{"rendered":"http:\/\/grundschule-wichern.de\/?p=2016"},"modified":"2023-05-08T06:27:43","modified_gmt":"2023-05-08T06:27:43","slug":"tolles-sportfest","status":"publish","type":"post","link":"http:\/\/grundschule-wichern.de\/?p=2016","title":{"rendered":"Tolles Sportfest"},"content":{"rendered":"<div>You need to add a widget, row, or prebuilt layout before you&#8217;ll see anything here. \ud83d\ude42<\/div>\n\n\n<div class=\"wp-block-media-text alignwide is-stacked-on-mobile\"><figure class=\"wp-block-media-text__media\"><img loading=\"lazy\" decoding=\"async\" width=\"640\" height=\"480\" src=\"http:\/\/grundschule-wichern.de\/wp-content\/uploads\/2023\/05\/SPortfest01.jpg\" alt=\"\" class=\"wp-image-2019 size-full\" srcset=\"http:\/\/grundschule-wichern.de\/wp-content\/uploads\/2023\/05\/SPortfest01.jpg 640w, http:\/\/grundschule-wichern.de\/wp-content\/uploads\/2023\/05\/SPortfest01-300x225.jpg 300w, http:\/\/grundschule-wichern.de\/wp-content\/uploads\/2023\/05\/SPortfest01-150x113.jpg 150w\" sizes=\"auto, (max-width: 640px) 100vw, 640px\" \/><\/figure><div class=\"wp-block-media-text__content\">\n<p>Die Sportkolleg*innen des Standorts Wichern haben uns ein tolles Sportfest organisiert. Ziel war es, m\u00f6glichst viele Disziplinen f\u00fcr das Deutsche Sportabzeichen zu absolvieren. Im Stadion am Schulzentrum S\u00fcd waren dann gut 200 Kinder top motiviert am Start. Nur ganz kurz unterbrochen wurden sie durch eine Regenpause. Laufen, Springen und Werfen und diverse &#8222;Spa\u00dfstationen&#8220; mussten in Kleingruppen absolviert werden. Es hat uns gro\u00dfen Spa\u00df gemacht, mal wieder ein Sportfest anzubieten, waren sich alle am Ende des Tages einig. Ein Dank geht an die zahlreichen Elternhelfer raus.<\/p>\n<\/div><\/div>\n","protected":false},"excerpt":{"rendered":"<p>Die Sportkolleg*innen des Standorts Wichern haben uns ein tolles Sportfest organisiert. Ziel war es, m\u00f6glichst viele Disziplinen f\u00fcr das Deutsche Sportabzeichen zu absolvieren. Im Stadion am Schulzentrum S\u00fcd waren dann gut 200 Kinder top motiviert am Start. Nur ganz kurz unterbrochen wurden sie durch eine Regenpause. Laufen, Springen und Werfen&hellip; mehr lesen<\/p>\n","protected":false},"author":4,"featured_media":2018,"comment_status":"closed","ping_status":"open","sticky":false,"template":"","format":"standard","meta":{"_uag_custom_page_level_css":"","jetpack_post_was_ever_published":false,"_jetpack_newsletter_access":"","_jetpack_dont_email_post_to_subs":false,"_jetpack_newsletter_tier_id":0,"_jetpack_memberships_contains_paywalled_content":false,"_jetpack_memberships_contains_paid_content":false,"footnotes":"","jetpack_publicize_message":"","jetpack_publicize_feature_enabled":true,"jetpack_social_post_already_shared":true,"jetpack_social_options":{"image_generator_settings":{"template":"highway","default_image_id":0,"enabled":false},"version":2}},"categories":[3,13,24],"tags":[],"class_list":["post-2016","post","type-post","status-publish","format-standard","has-post-thumbnail","hentry","category-aktuelles","category-slider","category-schuljahr-2022-2023-aktuelles"],"jetpack_publicize_connections":[],"jetpack_featured_media_url":"http:\/\/grundschule-wichern.de\/wp-content\/uploads\/2023\/05\/Sport01.jpg","uagb_featured_image_src":{"full":["http:\/\/grundschule-wichern.de\/wp-content\/uploads\/2023\/05\/Sport01.jpg",320,240,false],"thumbnail":["http:\/\/grundschule-wichern.de\/wp-content\/uploads\/2023\/05\/Sport01-150x150.jpg",150,150,true],"medium":["http:\/\/grundschule-wichern.de\/wp-content\/uploads\/2023\/05\/Sport01-300x225.jpg",300,225,true],"medium_large":["http:\/\/grundschule-wichern.de\/wp-content\/uploads\/2023\/05\/Sport01.jpg",320,240,false],"large":["http:\/\/grundschule-wichern.de\/wp-content\/uploads\/2023\/05\/Sport01.jpg",320,240,false],"1536x1536":["http:\/\/grundschule-wichern.de\/wp-content\/uploads\/2023\/05\/Sport01.jpg",320,240,false],"2048x2048":["http:\/\/grundschule-wichern.de\/wp-content\/uploads\/2023\/05\/Sport01.jpg",320,240,false],"custom":["http:\/\/grundschule-wichern.de\/wp-content\/uploads\/2023\/05\/Sport01.jpg",320,240,false],"post-thumbnail":["http:\/\/grundschule-wichern.de\/wp-content\/uploads\/2023\/05\/Sport01-150x113.jpg",150,113,true],"header":["http:\/\/grundschule-wichern.de\/wp-content\/uploads\/2023\/05\/Sport01-320x200.jpg",320,200,true],"slider":["http:\/\/grundschule-wichern.de\/wp-content\/uploads\/2023\/05\/Sport01.jpg",320,240,false],"columns":["http:\/\/grundschule-wichern.de\/wp-content\/uploads\/2023\/05\/Sport01.jpg",320,240,false],"sow-carousel-default":["http:\/\/grundschule-wichern.de\/wp-content\/uploads\/2023\/05\/Sport01-272x182.jpg",272,182,true]},"uagb_author_info":{"display_name":"Anja Huck","author_link":"http:\/\/grundschule-wichern.de\/?author=4"},"uagb_comment_info":0,"uagb_excerpt":"Die Sportkolleg*innen des Standorts Wichern haben uns ein tolles Sportfest organisiert. Ziel war es, m\u00f6glichst viele Disziplinen f\u00fcr das Deutsche Sportabzeichen zu absolvieren. Im Stadion am Schulzentrum S\u00fcd waren dann gut 200 Kinder top motiviert am Start. Nur ganz kurz unterbrochen wurden sie durch eine Regenpause. Laufen, Springen und Werfen&hellip; mehr lesen","jetpack_sharing_enabled":true,"jetpack_shortlink":"https:\/\/wp.me\/p9HPiT-ww","_links":{"self":[{"href":"http:\/\/grundschule-wichern.de\/index.php?rest_route=\/wp\/v2\/posts\/2016","targetHints":{"allow":["GET"]}}],"collection":[{"href":"http:\/\/grundschule-wichern.de\/index.php?rest_route=\/wp\/v2\/posts"}],"about":[{"href":"http:\/\/grundschule-wichern.de\/index.php?rest_route=\/wp\/v2\/types\/post"}],"author":[{"embeddable":true,"href":"http:\/\/grundschule-wichern.de\/index.php?rest_route=\/wp\/v2\/users\/4"}],"replies":[{"embeddable":true,"href":"http:\/\/grundschule-wichern.de\/index.php?rest_route=%2Fwp%2Fv2%2Fcomments&post=2016"}],"version-history":[{"count":2,"href":"http:\/\/grundschule-wichern.de\/index.php?rest_route=\/wp\/v2\/posts\/2016\/revisions"}],"predecessor-version":[{"id":2020,"href":"http:\/\/grundschule-wichern.de\/index.php?rest_route=\/wp\/v2\/posts\/2016\/revisions\/2020"}],"wp:featuredmedia":[{"embeddable":true,"href":"http:\/\/grundschule-wichern.de\/index.php?rest_route=\/wp\/v2\/media\/2018"}],"wp:attachment":[{"href":"http:\/\/grundschule-wichern.de\/index.php?rest_route=%2Fwp%2Fv2%2Fmedia&parent=2016"}],"wp:term":[{"taxonomy":"category","embeddable":true,"href":"http:\/\/grundschule-wichern.de\/index.php?rest_route=%2Fwp%2Fv2%2Fcategories&post=2016"},{"taxonomy":"post_tag","embeddable":true,"href":"http:\/\/grundschule-wichern.de\/index.php?rest_route=%2Fwp%2Fv2%2Ftags&post=2016"}],"curies":[{"name":"wp","href":"https:\/\/api.w.org\/{rel}","templated":true}]}}