{"id":2011,"date":"2023-03-31T08:27:41","date_gmt":"2023-03-31T08:27:41","guid":{"rendered":"http:\/\/grundschule-wichern.de\/?p=2011"},"modified":"2023-03-31T08:27:52","modified_gmt":"2023-03-31T08:27:52","slug":"kinder-sammeln-fuer-kinder","status":"publish","type":"post","link":"http:\/\/grundschule-wichern.de\/?p=2011","title":{"rendered":"Kinder sammeln f\u00fcr Kinder"},"content":{"rendered":"\n<p>Die Grundschulen in Bad Oeynhausen haben eine gro\u00df angelegte Spenden-Sammelaktion f\u00fcr das Katastrophengebiet T\u00fcrkei \/Syrien ins Leben gerufen. Alle Klassen waren aufgefordert, Sammelaktionen zu planen und diese da umzusetzen. Die Klasse 2d von der Lohe hat in den zwei Wochen besonders aktiv gewirkt und eine stattlichen Betrag mit Hilfe einer Bastelaktion eingeworben. Die Gesamtsummer der Schule war dann ebenfalls beachtenswert &#8211; es kamen \u00fcber 1700\u20ac zusammen, die in den Spendentopf aller Grundschulen f\u00fcr die Organisation &#8222;Safe the Children e.V.&#8220; mit einflie\u00dft.<\/p>\n","protected":false},"excerpt":{"rendered":"<p>Die Grundschulen in Bad Oeynhausen haben eine gro\u00df angelegte Spenden-Sammelaktion f\u00fcr das Katastrophengebiet T\u00fcrkei \/Syrien ins Leben gerufen. Alle Klassen waren aufgefordert, Sammelaktionen zu planen und diese da umzusetzen. Die Klasse 2d von der Lohe hat in den zwei Wochen besonders aktiv gewirkt und eine stattlichen Betrag mit Hilfe einer&hellip; mehr lesen<\/p>\n","protected":false},"author":4,"featured_media":2012,"comment_status":"closed","ping_status":"open","sticky":false,"template":"","format":"standard","meta":{"_uag_custom_page_level_css":"","jetpack_post_was_ever_published":false,"_jetpack_newsletter_access":"","_jetpack_dont_email_post_to_subs":false,"_jetpack_newsletter_tier_id":0,"_jetpack_memberships_contains_paywalled_content":false,"_jetpack_memberships_contains_paid_content":false,"footnotes":"","jetpack_publicize_message":"","jetpack_publicize_feature_enabled":true,"jetpack_social_post_already_shared":true,"jetpack_social_options":{"image_generator_settings":{"template":"highway","default_image_id":0,"enabled":false},"version":2}},"categories":[3,13,24],"tags":[],"class_list":["post-2011","post","type-post","status-publish","format-standard","has-post-thumbnail","hentry","category-aktuelles","category-slider","category-schuljahr-2022-2023-aktuelles"],"jetpack_publicize_connections":[],"jetpack_featured_media_url":"http:\/\/grundschule-wichern.de\/wp-content\/uploads\/2023\/03\/Sammlung.jpg","uagb_featured_image_src":{"full":["http:\/\/grundschule-wichern.de\/wp-content\/uploads\/2023\/03\/Sammlung.jpg",851,798,false],"thumbnail":["http:\/\/grundschule-wichern.de\/wp-content\/uploads\/2023\/03\/Sammlung-150x150.jpg",150,150,true],"medium":["http:\/\/grundschule-wichern.de\/wp-content\/uploads\/2023\/03\/Sammlung-300x281.jpg",300,281,true],"medium_large":["http:\/\/grundschule-wichern.de\/wp-content\/uploads\/2023\/03\/Sammlung-768x720.jpg",768,720,true],"large":["http:\/\/grundschule-wichern.de\/wp-content\/uploads\/2023\/03\/Sammlung.jpg",851,798,false],"1536x1536":["http:\/\/grundschule-wichern.de\/wp-content\/uploads\/2023\/03\/Sammlung.jpg",851,798,false],"2048x2048":["http:\/\/grundschule-wichern.de\/wp-content\/uploads\/2023\/03\/Sammlung.jpg",851,798,false],"custom":["http:\/\/grundschule-wichern.de\/wp-content\/uploads\/2023\/03\/Sammlung-780x350.jpg",780,350,true],"post-thumbnail":["http:\/\/grundschule-wichern.de\/wp-content\/uploads\/2023\/03\/Sammlung-150x141.jpg",150,141,true],"header":["http:\/\/grundschule-wichern.de\/wp-content\/uploads\/2023\/03\/Sammlung-851x200.jpg",851,200,true],"slider":["http:\/\/grundschule-wichern.de\/wp-content\/uploads\/2023\/03\/Sammlung-851x410.jpg",851,410,true],"columns":["http:\/\/grundschule-wichern.de\/wp-content\/uploads\/2023\/03\/Sammlung-549x300.jpg",549,300,true],"sow-carousel-default":["http:\/\/grundschule-wichern.de\/wp-content\/uploads\/2023\/03\/Sammlung-272x182.jpg",272,182,true]},"uagb_author_info":{"display_name":"Anja Huck","author_link":"http:\/\/grundschule-wichern.de\/?author=4"},"uagb_comment_info":0,"uagb_excerpt":"Die Grundschulen in Bad Oeynhausen haben eine gro\u00df angelegte Spenden-Sammelaktion f\u00fcr das Katastrophengebiet T\u00fcrkei \/Syrien ins Leben gerufen. Alle Klassen waren aufgefordert, Sammelaktionen zu planen und diese da umzusetzen. Die Klasse 2d von der Lohe hat in den zwei Wochen besonders aktiv gewirkt und eine stattlichen Betrag mit Hilfe einer&hellip; mehr lesen","jetpack_sharing_enabled":true,"jetpack_shortlink":"https:\/\/wp.me\/p9HPiT-wr","_links":{"self":[{"href":"http:\/\/grundschule-wichern.de\/index.php?rest_route=\/wp\/v2\/posts\/2011","targetHints":{"allow":["GET"]}}],"collection":[{"href":"http:\/\/grundschule-wichern.de\/index.php?rest_route=\/wp\/v2\/posts"}],"about":[{"href":"http:\/\/grundschule-wichern.de\/index.php?rest_route=\/wp\/v2\/types\/post"}],"author":[{"embeddable":true,"href":"http:\/\/grundschule-wichern.de\/index.php?rest_route=\/wp\/v2\/users\/4"}],"replies":[{"embeddable":true,"href":"http:\/\/grundschule-wichern.de\/index.php?rest_route=%2Fwp%2Fv2%2Fcomments&post=2011"}],"version-history":[{"count":2,"href":"http:\/\/grundschule-wichern.de\/index.php?rest_route=\/wp\/v2\/posts\/2011\/revisions"}],"predecessor-version":[{"id":2014,"href":"http:\/\/grundschule-wichern.de\/index.php?rest_route=\/wp\/v2\/posts\/2011\/revisions\/2014"}],"wp:featuredmedia":[{"embeddable":true,"href":"http:\/\/grundschule-wichern.de\/index.php?rest_route=\/wp\/v2\/media\/2012"}],"wp:attachment":[{"href":"http:\/\/grundschule-wichern.de\/index.php?rest_route=%2Fwp%2Fv2%2Fmedia&parent=2011"}],"wp:term":[{"taxonomy":"category","embeddable":true,"href":"http:\/\/grundschule-wichern.de\/index.php?rest_route=%2Fwp%2Fv2%2Fcategories&post=2011"},{"taxonomy":"post_tag","embeddable":true,"href":"http:\/\/grundschule-wichern.de\/index.php?rest_route=%2Fwp%2Fv2%2Ftags&post=2011"}],"curies":[{"name":"wp","href":"https:\/\/api.w.org\/{rel}","templated":true}]}}