{"id":2005,"date":"2023-03-28T10:58:14","date_gmt":"2023-03-28T10:58:14","guid":{"rendered":"http:\/\/grundschule-wichern.de\/?p=2005"},"modified":"2023-03-28T10:58:17","modified_gmt":"2023-03-28T10:58:17","slug":"tolles-sport-foerderangebot","status":"publish","type":"post","link":"http:\/\/grundschule-wichern.de\/?p=2005","title":{"rendered":"Tolles Sport F\u00f6rderangebot"},"content":{"rendered":"\n<p>Gemeinsam mit dem Pr\u00e4ventionszentrum OWL haben wir ein tolles Sport Angebot f\u00fcr den Offenen Ganztag konzipiert. Bewegungsf\u00f6rderung ist gerade nach der Corona Zeit ein zentraler Punkt &#8211; hier gilt es in den Schulen anzusetzen. Der Bewegungsparcours in der tollen Sporthalle am Standort Wichern war total ansprechend und die Kinder konnten in den zwei Schulstunden sehr gut alle Ger\u00e4te testen &#8211; Abenteuer garantiert.<\/p>\n","protected":false},"excerpt":{"rendered":"<p>Gemeinsam mit dem Pr\u00e4ventionszentrum OWL haben wir ein tolles Sport Angebot f\u00fcr den Offenen Ganztag konzipiert. Bewegungsf\u00f6rderung ist gerade nach der Corona Zeit ein zentraler Punkt &#8211; hier gilt es in den Schulen anzusetzen. Der Bewegungsparcours in der tollen Sporthalle am Standort Wichern war total ansprechend und die Kinder konnten&hellip; mehr lesen<\/p>\n","protected":false},"author":4,"featured_media":2006,"comment_status":"closed","ping_status":"open","sticky":false,"template":"","format":"standard","meta":{"_uag_custom_page_level_css":"","jetpack_post_was_ever_published":false,"_jetpack_newsletter_access":"","_jetpack_dont_email_post_to_subs":false,"_jetpack_newsletter_tier_id":0,"_jetpack_memberships_contains_paywalled_content":false,"_jetpack_memberships_contains_paid_content":false,"footnotes":"","jetpack_publicize_message":"","jetpack_publicize_feature_enabled":true,"jetpack_social_post_already_shared":true,"jetpack_social_options":{"image_generator_settings":{"template":"highway","default_image_id":0,"enabled":false},"version":2}},"categories":[13,3,24],"tags":[],"class_list":["post-2005","post","type-post","status-publish","format-standard","has-post-thumbnail","hentry","category-slider","category-aktuelles","category-schuljahr-2022-2023-aktuelles"],"jetpack_publicize_connections":[],"jetpack_featured_media_url":"http:\/\/grundschule-wichern.de\/wp-content\/uploads\/2023\/03\/Sportangebot.jpg","uagb_featured_image_src":{"full":["http:\/\/grundschule-wichern.de\/wp-content\/uploads\/2023\/03\/Sportangebot.jpg",640,480,false],"thumbnail":["http:\/\/grundschule-wichern.de\/wp-content\/uploads\/2023\/03\/Sportangebot-150x150.jpg",150,150,true],"medium":["http:\/\/grundschule-wichern.de\/wp-content\/uploads\/2023\/03\/Sportangebot-300x225.jpg",300,225,true],"medium_large":["http:\/\/grundschule-wichern.de\/wp-content\/uploads\/2023\/03\/Sportangebot.jpg",640,480,false],"large":["http:\/\/grundschule-wichern.de\/wp-content\/uploads\/2023\/03\/Sportangebot.jpg",640,480,false],"1536x1536":["http:\/\/grundschule-wichern.de\/wp-content\/uploads\/2023\/03\/Sportangebot.jpg",640,480,false],"2048x2048":["http:\/\/grundschule-wichern.de\/wp-content\/uploads\/2023\/03\/Sportangebot.jpg",640,480,false],"custom":["http:\/\/grundschule-wichern.de\/wp-content\/uploads\/2023\/03\/Sportangebot-640x350.jpg",640,350,true],"post-thumbnail":["http:\/\/grundschule-wichern.de\/wp-content\/uploads\/2023\/03\/Sportangebot-150x113.jpg",150,113,true],"header":["http:\/\/grundschule-wichern.de\/wp-content\/uploads\/2023\/03\/Sportangebot-640x200.jpg",640,200,true],"slider":["http:\/\/grundschule-wichern.de\/wp-content\/uploads\/2023\/03\/Sportangebot-640x410.jpg",640,410,true],"columns":["http:\/\/grundschule-wichern.de\/wp-content\/uploads\/2023\/03\/Sportangebot-549x300.jpg",549,300,true],"sow-carousel-default":["http:\/\/grundschule-wichern.de\/wp-content\/uploads\/2023\/03\/Sportangebot-272x182.jpg",272,182,true]},"uagb_author_info":{"display_name":"Anja Huck","author_link":"http:\/\/grundschule-wichern.de\/?author=4"},"uagb_comment_info":0,"uagb_excerpt":"Gemeinsam mit dem Pr\u00e4ventionszentrum OWL haben wir ein tolles Sport Angebot f\u00fcr den Offenen Ganztag konzipiert. Bewegungsf\u00f6rderung ist gerade nach der Corona Zeit ein zentraler Punkt &#8211; hier gilt es in den Schulen anzusetzen. Der Bewegungsparcours in der tollen Sporthalle am Standort Wichern war total ansprechend und die Kinder konnten&hellip; mehr lesen","jetpack_sharing_enabled":true,"jetpack_shortlink":"https:\/\/wp.me\/p9HPiT-wl","_links":{"self":[{"href":"http:\/\/grundschule-wichern.de\/index.php?rest_route=\/wp\/v2\/posts\/2005","targetHints":{"allow":["GET"]}}],"collection":[{"href":"http:\/\/grundschule-wichern.de\/index.php?rest_route=\/wp\/v2\/posts"}],"about":[{"href":"http:\/\/grundschule-wichern.de\/index.php?rest_route=\/wp\/v2\/types\/post"}],"author":[{"embeddable":true,"href":"http:\/\/grundschule-wichern.de\/index.php?rest_route=\/wp\/v2\/users\/4"}],"replies":[{"embeddable":true,"href":"http:\/\/grundschule-wichern.de\/index.php?rest_route=%2Fwp%2Fv2%2Fcomments&post=2005"}],"version-history":[{"count":1,"href":"http:\/\/grundschule-wichern.de\/index.php?rest_route=\/wp\/v2\/posts\/2005\/revisions"}],"predecessor-version":[{"id":2007,"href":"http:\/\/grundschule-wichern.de\/index.php?rest_route=\/wp\/v2\/posts\/2005\/revisions\/2007"}],"wp:featuredmedia":[{"embeddable":true,"href":"http:\/\/grundschule-wichern.de\/index.php?rest_route=\/wp\/v2\/media\/2006"}],"wp:attachment":[{"href":"http:\/\/grundschule-wichern.de\/index.php?rest_route=%2Fwp%2Fv2%2Fmedia&parent=2005"}],"wp:term":[{"taxonomy":"category","embeddable":true,"href":"http:\/\/grundschule-wichern.de\/index.php?rest_route=%2Fwp%2Fv2%2Fcategories&post=2005"},{"taxonomy":"post_tag","embeddable":true,"href":"http:\/\/grundschule-wichern.de\/index.php?rest_route=%2Fwp%2Fv2%2Ftags&post=2005"}],"curies":[{"name":"wp","href":"https:\/\/api.w.org\/{rel}","templated":true}]}}