{"id":2001,"date":"2023-03-10T11:28:46","date_gmt":"2023-03-10T11:28:46","guid":{"rendered":"http:\/\/grundschule-wichern.de\/?p=2001"},"modified":"2023-03-10T11:28:52","modified_gmt":"2023-03-10T11:28:52","slug":"waffel-backen-fuer-das-katastrophengebiet","status":"publish","type":"post","link":"http:\/\/grundschule-wichern.de\/?p=2001","title":{"rendered":"Waffel backen f\u00fcr das Katastrophengebiet"},"content":{"rendered":"\n<p>alle Grundschulen in Bad Oeynhausen wollen etwas f\u00fcr die Kinder im Katastrophengebiet (T\u00fcrkei\/Syrien) tun. Der Grundschulverbund Wichern-Lohe machte mit einer gro\u00dfen Waffel Aktion den Auftakt, um bis zu den Osterferien Geld einzusammeln. Die 470 Kinder wurden von den Eltern der Schule mit Waffeln f\u00fcr einen Euro versorgt. An beiden Schulstandorten duftete es zur gro\u00dfen Pause sehr verlockend und gesch\u00e4tzt 600 Waffeln wechselten den Besitzer. Auch die Schulstarter des Kindergartens Pusteblume auf der Lohe nutzten ihren Besuch in der Schule, um noch schnell eine Waffel zu erwerben. Dank der engagierten Mithilfe aller Beteiligten (Eltern, OGS, Lehrer*innen) war die Aktion ein voller Erfolg.<\/p>\n","protected":false},"excerpt":{"rendered":"<p>alle Grundschulen in Bad Oeynhausen wollen etwas f\u00fcr die Kinder im Katastrophengebiet (T\u00fcrkei\/Syrien) tun. Der Grundschulverbund Wichern-Lohe machte mit einer gro\u00dfen Waffel Aktion den Auftakt, um bis zu den Osterferien Geld einzusammeln. Die 470 Kinder wurden von den Eltern der Schule mit Waffeln f\u00fcr einen Euro versorgt. An beiden Schulstandorten&hellip; mehr lesen<\/p>\n","protected":false},"author":4,"featured_media":2002,"comment_status":"closed","ping_status":"open","sticky":false,"template":"","format":"standard","meta":{"_uag_custom_page_level_css":"","jetpack_post_was_ever_published":false,"_jetpack_newsletter_access":"","_jetpack_dont_email_post_to_subs":false,"_jetpack_newsletter_tier_id":0,"_jetpack_memberships_contains_paywalled_content":false,"_jetpack_memberships_contains_paid_content":false,"footnotes":"","jetpack_publicize_message":"","jetpack_publicize_feature_enabled":true,"jetpack_social_post_already_shared":true,"jetpack_social_options":{"image_generator_settings":{"template":"highway","default_image_id":0,"enabled":false},"version":2}},"categories":[3,13,24],"tags":[],"class_list":["post-2001","post","type-post","status-publish","format-standard","has-post-thumbnail","hentry","category-aktuelles","category-slider","category-schuljahr-2022-2023-aktuelles"],"jetpack_publicize_connections":[],"jetpack_featured_media_url":"http:\/\/grundschule-wichern.de\/wp-content\/uploads\/2023\/03\/Waffel01.jpg","uagb_featured_image_src":{"full":["http:\/\/grundschule-wichern.de\/wp-content\/uploads\/2023\/03\/Waffel01.jpg",320,240,false],"thumbnail":["http:\/\/grundschule-wichern.de\/wp-content\/uploads\/2023\/03\/Waffel01-150x150.jpg",150,150,true],"medium":["http:\/\/grundschule-wichern.de\/wp-content\/uploads\/2023\/03\/Waffel01-300x225.jpg",300,225,true],"medium_large":["http:\/\/grundschule-wichern.de\/wp-content\/uploads\/2023\/03\/Waffel01.jpg",320,240,false],"large":["http:\/\/grundschule-wichern.de\/wp-content\/uploads\/2023\/03\/Waffel01.jpg",320,240,false],"1536x1536":["http:\/\/grundschule-wichern.de\/wp-content\/uploads\/2023\/03\/Waffel01.jpg",320,240,false],"2048x2048":["http:\/\/grundschule-wichern.de\/wp-content\/uploads\/2023\/03\/Waffel01.jpg",320,240,false],"custom":["http:\/\/grundschule-wichern.de\/wp-content\/uploads\/2023\/03\/Waffel01.jpg",320,240,false],"post-thumbnail":["http:\/\/grundschule-wichern.de\/wp-content\/uploads\/2023\/03\/Waffel01-150x113.jpg",150,113,true],"header":["http:\/\/grundschule-wichern.de\/wp-content\/uploads\/2023\/03\/Waffel01-320x200.jpg",320,200,true],"slider":["http:\/\/grundschule-wichern.de\/wp-content\/uploads\/2023\/03\/Waffel01.jpg",320,240,false],"columns":["http:\/\/grundschule-wichern.de\/wp-content\/uploads\/2023\/03\/Waffel01.jpg",320,240,false],"sow-carousel-default":["http:\/\/grundschule-wichern.de\/wp-content\/uploads\/2023\/03\/Waffel01-272x182.jpg",272,182,true]},"uagb_author_info":{"display_name":"Anja Huck","author_link":"http:\/\/grundschule-wichern.de\/?author=4"},"uagb_comment_info":0,"uagb_excerpt":"alle Grundschulen in Bad Oeynhausen wollen etwas f\u00fcr die Kinder im Katastrophengebiet (T\u00fcrkei\/Syrien) tun. Der Grundschulverbund Wichern-Lohe machte mit einer gro\u00dfen Waffel Aktion den Auftakt, um bis zu den Osterferien Geld einzusammeln. Die 470 Kinder wurden von den Eltern der Schule mit Waffeln f\u00fcr einen Euro versorgt. An beiden Schulstandorten&hellip; mehr lesen","jetpack_sharing_enabled":true,"jetpack_shortlink":"https:\/\/wp.me\/p9HPiT-wh","_links":{"self":[{"href":"http:\/\/grundschule-wichern.de\/index.php?rest_route=\/wp\/v2\/posts\/2001","targetHints":{"allow":["GET"]}}],"collection":[{"href":"http:\/\/grundschule-wichern.de\/index.php?rest_route=\/wp\/v2\/posts"}],"about":[{"href":"http:\/\/grundschule-wichern.de\/index.php?rest_route=\/wp\/v2\/types\/post"}],"author":[{"embeddable":true,"href":"http:\/\/grundschule-wichern.de\/index.php?rest_route=\/wp\/v2\/users\/4"}],"replies":[{"embeddable":true,"href":"http:\/\/grundschule-wichern.de\/index.php?rest_route=%2Fwp%2Fv2%2Fcomments&post=2001"}],"version-history":[{"count":1,"href":"http:\/\/grundschule-wichern.de\/index.php?rest_route=\/wp\/v2\/posts\/2001\/revisions"}],"predecessor-version":[{"id":2003,"href":"http:\/\/grundschule-wichern.de\/index.php?rest_route=\/wp\/v2\/posts\/2001\/revisions\/2003"}],"wp:featuredmedia":[{"embeddable":true,"href":"http:\/\/grundschule-wichern.de\/index.php?rest_route=\/wp\/v2\/media\/2002"}],"wp:attachment":[{"href":"http:\/\/grundschule-wichern.de\/index.php?rest_route=%2Fwp%2Fv2%2Fmedia&parent=2001"}],"wp:term":[{"taxonomy":"category","embeddable":true,"href":"http:\/\/grundschule-wichern.de\/index.php?rest_route=%2Fwp%2Fv2%2Fcategories&post=2001"},{"taxonomy":"post_tag","embeddable":true,"href":"http:\/\/grundschule-wichern.de\/index.php?rest_route=%2Fwp%2Fv2%2Ftags&post=2001"}],"curies":[{"name":"wp","href":"https:\/\/api.w.org\/{rel}","templated":true}]}}