{"id":1985,"date":"2023-02-09T07:16:04","date_gmt":"2023-02-09T07:16:04","guid":{"rendered":"http:\/\/grundschule-wichern.de\/?p=1985"},"modified":"2023-02-09T07:16:08","modified_gmt":"2023-02-09T07:16:08","slug":"1-expertenforum","status":"publish","type":"post","link":"http:\/\/grundschule-wichern.de\/?p=1985","title":{"rendered":"1. Expertenforum"},"content":{"rendered":"\n<p>Um 15.15.Uhr sa\u00df das interessierte Publikum im Mittelpunkt des Standorts Wichern. Eltern und Mitsch\u00fcler wollten sich die freiwillig und selbstgew\u00e4hlten Vortr\u00e4ge zu 5 Themen anh\u00f6ren. Lehrerin Frau Schilling hatte die Kinder in den letzten Monaten dabei unterst\u00fctzt. Die Zuh\u00f6rer staunten \u00fcber eine japanische Rechenart. Zwei Sehensw\u00fcrdigkeiten in Polen und deren bewegte Geschichte waren genau so interessant wie das Colosseum in Italien. Das erste Lebewesen auf dem Mond und ein Vortrag zum Thema Sterne rundeten die Veranstaltung ab. Die 5 Experten waren nach den tollen Vortr\u00e4gen sichtlich erleichtert und genossen den Applaus des Publikums. F\u00fcr die zus\u00e4tzliche M\u00fche gab es dann noch ein kleines Pr\u00e4sent der Schule aus den H\u00e4nden von Konrektorin Huck.<\/p>\n\n\n\n<figure class=\"wp-block-image size-full\"><img loading=\"lazy\" decoding=\"async\" width=\"640\" height=\"445\" src=\"http:\/\/grundschule-wichern.de\/wp-content\/uploads\/2023\/02\/Experten.jpg\" alt=\"\" class=\"wp-image-1986\" srcset=\"http:\/\/grundschule-wichern.de\/wp-content\/uploads\/2023\/02\/Experten.jpg 640w, http:\/\/grundschule-wichern.de\/wp-content\/uploads\/2023\/02\/Experten-300x209.jpg 300w, http:\/\/grundschule-wichern.de\/wp-content\/uploads\/2023\/02\/Experten-150x104.jpg 150w\" sizes=\"auto, (max-width: 640px) 100vw, 640px\" \/><\/figure>\n","protected":false},"excerpt":{"rendered":"<p>Um 15.15.Uhr sa\u00df das interessierte Publikum im Mittelpunkt des Standorts Wichern. Eltern und Mitsch\u00fcler wollten sich die freiwillig und selbstgew\u00e4hlten Vortr\u00e4ge zu 5 Themen anh\u00f6ren. Lehrerin Frau Schilling hatte die Kinder in den letzten Monaten dabei unterst\u00fctzt. Die Zuh\u00f6rer staunten \u00fcber eine japanische Rechenart. Zwei Sehensw\u00fcrdigkeiten in Polen und deren&hellip; mehr lesen<\/p>\n","protected":false},"author":4,"featured_media":1986,"comment_status":"closed","ping_status":"open","sticky":false,"template":"","format":"standard","meta":{"_uag_custom_page_level_css":"","jetpack_post_was_ever_published":false,"_jetpack_newsletter_access":"","_jetpack_dont_email_post_to_subs":false,"_jetpack_newsletter_tier_id":0,"_jetpack_memberships_contains_paywalled_content":false,"_jetpack_memberships_contains_paid_content":false,"footnotes":"","jetpack_publicize_message":"","jetpack_publicize_feature_enabled":true,"jetpack_social_post_already_shared":true,"jetpack_social_options":{"image_generator_settings":{"template":"highway","default_image_id":0,"enabled":false},"version":2}},"categories":[3,13,24],"tags":[],"class_list":["post-1985","post","type-post","status-publish","format-standard","has-post-thumbnail","hentry","category-aktuelles","category-slider","category-schuljahr-2022-2023-aktuelles"],"jetpack_publicize_connections":[],"jetpack_featured_media_url":"http:\/\/grundschule-wichern.de\/wp-content\/uploads\/2023\/02\/Experten.jpg","uagb_featured_image_src":{"full":["http:\/\/grundschule-wichern.de\/wp-content\/uploads\/2023\/02\/Experten.jpg",640,445,false],"thumbnail":["http:\/\/grundschule-wichern.de\/wp-content\/uploads\/2023\/02\/Experten-150x150.jpg",150,150,true],"medium":["http:\/\/grundschule-wichern.de\/wp-content\/uploads\/2023\/02\/Experten-300x209.jpg",300,209,true],"medium_large":["http:\/\/grundschule-wichern.de\/wp-content\/uploads\/2023\/02\/Experten.jpg",640,445,false],"large":["http:\/\/grundschule-wichern.de\/wp-content\/uploads\/2023\/02\/Experten.jpg",640,445,false],"1536x1536":["http:\/\/grundschule-wichern.de\/wp-content\/uploads\/2023\/02\/Experten.jpg",640,445,false],"2048x2048":["http:\/\/grundschule-wichern.de\/wp-content\/uploads\/2023\/02\/Experten.jpg",640,445,false],"custom":["http:\/\/grundschule-wichern.de\/wp-content\/uploads\/2023\/02\/Experten-640x350.jpg",640,350,true],"post-thumbnail":["http:\/\/grundschule-wichern.de\/wp-content\/uploads\/2023\/02\/Experten-150x104.jpg",150,104,true],"header":["http:\/\/grundschule-wichern.de\/wp-content\/uploads\/2023\/02\/Experten-640x200.jpg",640,200,true],"slider":["http:\/\/grundschule-wichern.de\/wp-content\/uploads\/2023\/02\/Experten-640x410.jpg",640,410,true],"columns":["http:\/\/grundschule-wichern.de\/wp-content\/uploads\/2023\/02\/Experten-549x300.jpg",549,300,true],"sow-carousel-default":["http:\/\/grundschule-wichern.de\/wp-content\/uploads\/2023\/02\/Experten-272x182.jpg",272,182,true]},"uagb_author_info":{"display_name":"Anja Huck","author_link":"http:\/\/grundschule-wichern.de\/?author=4"},"uagb_comment_info":0,"uagb_excerpt":"Um 15.15.Uhr sa\u00df das interessierte Publikum im Mittelpunkt des Standorts Wichern. Eltern und Mitsch\u00fcler wollten sich die freiwillig und selbstgew\u00e4hlten Vortr\u00e4ge zu 5 Themen anh\u00f6ren. Lehrerin Frau Schilling hatte die Kinder in den letzten Monaten dabei unterst\u00fctzt. Die Zuh\u00f6rer staunten \u00fcber eine japanische Rechenart. Zwei Sehensw\u00fcrdigkeiten in Polen und deren&hellip; mehr lesen","jetpack_sharing_enabled":true,"jetpack_shortlink":"https:\/\/wp.me\/p9HPiT-w1","_links":{"self":[{"href":"http:\/\/grundschule-wichern.de\/index.php?rest_route=\/wp\/v2\/posts\/1985","targetHints":{"allow":["GET"]}}],"collection":[{"href":"http:\/\/grundschule-wichern.de\/index.php?rest_route=\/wp\/v2\/posts"}],"about":[{"href":"http:\/\/grundschule-wichern.de\/index.php?rest_route=\/wp\/v2\/types\/post"}],"author":[{"embeddable":true,"href":"http:\/\/grundschule-wichern.de\/index.php?rest_route=\/wp\/v2\/users\/4"}],"replies":[{"embeddable":true,"href":"http:\/\/grundschule-wichern.de\/index.php?rest_route=%2Fwp%2Fv2%2Fcomments&post=1985"}],"version-history":[{"count":1,"href":"http:\/\/grundschule-wichern.de\/index.php?rest_route=\/wp\/v2\/posts\/1985\/revisions"}],"predecessor-version":[{"id":1987,"href":"http:\/\/grundschule-wichern.de\/index.php?rest_route=\/wp\/v2\/posts\/1985\/revisions\/1987"}],"wp:featuredmedia":[{"embeddable":true,"href":"http:\/\/grundschule-wichern.de\/index.php?rest_route=\/wp\/v2\/media\/1986"}],"wp:attachment":[{"href":"http:\/\/grundschule-wichern.de\/index.php?rest_route=%2Fwp%2Fv2%2Fmedia&parent=1985"}],"wp:term":[{"taxonomy":"category","embeddable":true,"href":"http:\/\/grundschule-wichern.de\/index.php?rest_route=%2Fwp%2Fv2%2Fcategories&post=1985"},{"taxonomy":"post_tag","embeddable":true,"href":"http:\/\/grundschule-wichern.de\/index.php?rest_route=%2Fwp%2Fv2%2Ftags&post=1985"}],"curies":[{"name":"wp","href":"https:\/\/api.w.org\/{rel}","templated":true}]}}