{"id":1961,"date":"2022-12-05T13:21:52","date_gmt":"2022-12-05T13:21:52","guid":{"rendered":"http:\/\/grundschule-wichern.de\/?p=1961"},"modified":"2022-12-05T13:22:47","modified_gmt":"2022-12-05T13:22:47","slug":"im-neuen-wald-vertreten","status":"publish","type":"post","link":"http:\/\/grundschule-wichern.de\/?p=1961","title":{"rendered":"Im neuen Wald vertreten"},"content":{"rendered":"\n<p>Im neuen B\u00fcrgerwald Bad Oeynhausen steht seit letzter Woche auch ein Baum vom Grundschulverbund Wichern-Lohe. Die Flatterulme (Baum des Jahres 2019) hat schon eine ordentliche Gr\u00f6\u00dfe und soll nun schnell heranwachsen, damit unsere Schulkinder hier schon bald durch einen echten neuen Wald gehen k\u00f6nnen.<\/p>\n\n\n\n<div class=\"wp-block-cover is-light\"><span aria-hidden=\"true\" class=\"wp-block-cover__background has-background-dim\"><\/span><img loading=\"lazy\" decoding=\"async\" width=\"576\" height=\"1024\" class=\"wp-block-cover__image-background wp-image-1962\" alt=\"\" src=\"http:\/\/grundschule-wichern.de\/wp-content\/uploads\/2022\/12\/gflatterumlme-576x1024.jpg\" data-object-fit=\"cover\" srcset=\"http:\/\/grundschule-wichern.de\/wp-content\/uploads\/2022\/12\/gflatterumlme-576x1024.jpg 576w, http:\/\/grundschule-wichern.de\/wp-content\/uploads\/2022\/12\/gflatterumlme-169x300.jpg 169w, http:\/\/grundschule-wichern.de\/wp-content\/uploads\/2022\/12\/gflatterumlme-768x1365.jpg 768w, http:\/\/grundschule-wichern.de\/wp-content\/uploads\/2022\/12\/gflatterumlme-864x1536.jpg 864w, http:\/\/grundschule-wichern.de\/wp-content\/uploads\/2022\/12\/gflatterumlme-84x150.jpg 84w, http:\/\/grundschule-wichern.de\/wp-content\/uploads\/2022\/12\/gflatterumlme.jpg 900w\" sizes=\"auto, (max-width: 576px) 100vw, 576px\" \/><div class=\"wp-block-cover__inner-container is-layout-flow wp-block-cover-is-layout-flow\">\n<p class=\"has-text-align-center has-large-font-size\">Die Flatterulme des GSV Wichern-Lohe<\/p>\n<\/div><\/div>\n","protected":false},"excerpt":{"rendered":"<p>Im neuen B\u00fcrgerwald Bad Oeynhausen steht seit letzter Woche auch ein Baum vom Grundschulverbund Wichern-Lohe. Die Flatterulme (Baum des Jahres 2019) hat schon eine ordentliche Gr\u00f6\u00dfe und soll nun schnell heranwachsen, damit unsere Schulkinder hier schon bald durch einen echten neuen Wald gehen k\u00f6nnen. mehr lesen<\/p>\n","protected":false},"author":4,"featured_media":0,"comment_status":"closed","ping_status":"open","sticky":false,"template":"","format":"standard","meta":{"_uag_custom_page_level_css":"","jetpack_post_was_ever_published":false,"_jetpack_newsletter_access":"","_jetpack_dont_email_post_to_subs":false,"_jetpack_newsletter_tier_id":0,"_jetpack_memberships_contains_paywalled_content":false,"_jetpack_memberships_contains_paid_content":false,"footnotes":"","jetpack_publicize_message":"","jetpack_publicize_feature_enabled":true,"jetpack_social_post_already_shared":true,"jetpack_social_options":{"image_generator_settings":{"template":"highway","default_image_id":0,"enabled":false},"version":2}},"categories":[13,3,24],"tags":[],"class_list":["post-1961","post","type-post","status-publish","format-standard","hentry","category-slider","category-aktuelles","category-schuljahr-2022-2023-aktuelles"],"jetpack_publicize_connections":[],"jetpack_featured_media_url":"","uagb_featured_image_src":{"full":false,"thumbnail":false,"medium":false,"medium_large":false,"large":false,"1536x1536":false,"2048x2048":false,"custom":false,"post-thumbnail":false,"header":false,"slider":false,"columns":false,"sow-carousel-default":false},"uagb_author_info":{"display_name":"Anja Huck","author_link":"http:\/\/grundschule-wichern.de\/?author=4"},"uagb_comment_info":0,"uagb_excerpt":"Im neuen B\u00fcrgerwald Bad Oeynhausen steht seit letzter Woche auch ein Baum vom Grundschulverbund Wichern-Lohe. Die Flatterulme (Baum des Jahres 2019) hat schon eine ordentliche Gr\u00f6\u00dfe und soll nun schnell heranwachsen, damit unsere Schulkinder hier schon bald durch einen echten neuen Wald gehen k\u00f6nnen. mehr lesen","jetpack_sharing_enabled":true,"jetpack_shortlink":"https:\/\/wp.me\/p9HPiT-vD","_links":{"self":[{"href":"http:\/\/grundschule-wichern.de\/index.php?rest_route=\/wp\/v2\/posts\/1961","targetHints":{"allow":["GET"]}}],"collection":[{"href":"http:\/\/grundschule-wichern.de\/index.php?rest_route=\/wp\/v2\/posts"}],"about":[{"href":"http:\/\/grundschule-wichern.de\/index.php?rest_route=\/wp\/v2\/types\/post"}],"author":[{"embeddable":true,"href":"http:\/\/grundschule-wichern.de\/index.php?rest_route=\/wp\/v2\/users\/4"}],"replies":[{"embeddable":true,"href":"http:\/\/grundschule-wichern.de\/index.php?rest_route=%2Fwp%2Fv2%2Fcomments&post=1961"}],"version-history":[{"count":2,"href":"http:\/\/grundschule-wichern.de\/index.php?rest_route=\/wp\/v2\/posts\/1961\/revisions"}],"predecessor-version":[{"id":1964,"href":"http:\/\/grundschule-wichern.de\/index.php?rest_route=\/wp\/v2\/posts\/1961\/revisions\/1964"}],"wp:attachment":[{"href":"http:\/\/grundschule-wichern.de\/index.php?rest_route=%2Fwp%2Fv2%2Fmedia&parent=1961"}],"wp:term":[{"taxonomy":"category","embeddable":true,"href":"http:\/\/grundschule-wichern.de\/index.php?rest_route=%2Fwp%2Fv2%2Fcategories&post=1961"},{"taxonomy":"post_tag","embeddable":true,"href":"http:\/\/grundschule-wichern.de\/index.php?rest_route=%2Fwp%2Fv2%2Ftags&post=1961"}],"curies":[{"name":"wp","href":"https:\/\/api.w.org\/{rel}","templated":true}]}}