{"id":1923,"date":"2022-10-29T11:24:27","date_gmt":"2022-10-29T11:24:27","guid":{"rendered":"http:\/\/grundschule-wichern.de\/?p=1923"},"modified":"2022-10-29T11:25:00","modified_gmt":"2022-10-29T11:25:00","slug":"besuch-der-murmelbahnausstellung","status":"publish","type":"post","link":"http:\/\/grundschule-wichern.de\/?p=1923","title":{"rendered":"Besuch der Murmelbahnausstellung"},"content":{"rendered":"\n<p>Am Freitag besuchten die 2a und 2b die Murmelbahnausstellung im Stadtmuseum in Rinteln. Der Ausflug begann nat\u00fcrlich mit einer spannenden und aufregenden Busfahrt. Die Anfahrt dauerte nicht lang und schon erreichte der Bus das Museum.<br>Im Museum gab es eine kleine Einf\u00fchrung, wie man die Murmelbahnen nutzen darf. Endlich bekam jeder einen kleinen Becher mit 5 Murmeln und durfte die zahlreichen Murmelbahnen erproben. Nun wurde gemurmelt was das Zeug hielt. Manche Bahnen boten die M\u00f6glichkeit kleine Wettl\u00e4ufe auszurichten, bei anderen Bahnen konnte man sich durch verschiedene Startpunkte durchprobieren und die Verl\u00e4ufe der Murmeln verfolgen. Die Murmeln rollten \u00fcber kleine bewegliche Br\u00fccken und Tore und man wurde immer wieder \u00fcberrascht, welche Wege die Murmeln nahmen.<br>Wieder andere Bahnen boten die M\u00f6glichkeit durch Kurbeln die Murmeln zu transportieren und auf diese Weise durch die Bahn zu schicken.<br>Die Kinder waren die ganze Zeit begeistert bei der Sache.<br>Zum Abschluss durfte der Ausflug auf einen kleinen Spielplatz und nat\u00fcrlich die Busfahrt auf dem R\u00fcckweg nicht fehlen.<\/p>\n\n\n\n<figure class=\"wp-block-gallery has-nested-images columns-default is-cropped wp-block-gallery-1 is-layout-flex wp-block-gallery-is-layout-flex\">\n<figure class=\"wp-block-image size-large\"><img loading=\"lazy\" decoding=\"async\" width=\"768\" height=\"1024\" data-id=\"1947\" src=\"http:\/\/grundschule-wichern.de\/wp-content\/uploads\/2022\/10\/IMG_2073-Large-768x1024.jpeg\" alt=\"\" class=\"wp-image-1947\" srcset=\"http:\/\/grundschule-wichern.de\/wp-content\/uploads\/2022\/10\/IMG_2073-Large-768x1024.jpeg 768w, http:\/\/grundschule-wichern.de\/wp-content\/uploads\/2022\/10\/IMG_2073-Large-225x300.jpeg 225w, http:\/\/grundschule-wichern.de\/wp-content\/uploads\/2022\/10\/IMG_2073-Large-113x150.jpeg 113w, http:\/\/grundschule-wichern.de\/wp-content\/uploads\/2022\/10\/IMG_2073-Large.jpeg 960w\" sizes=\"auto, (max-width: 768px) 100vw, 768px\" \/><\/figure>\n\n\n\n<figure class=\"wp-block-image size-large\"><img loading=\"lazy\" decoding=\"async\" width=\"768\" height=\"1024\" data-id=\"1948\" src=\"http:\/\/grundschule-wichern.de\/wp-content\/uploads\/2022\/10\/IMG_2074-Large-768x1024.jpeg\" alt=\"\" class=\"wp-image-1948\" srcset=\"http:\/\/grundschule-wichern.de\/wp-content\/uploads\/2022\/10\/IMG_2074-Large-768x1024.jpeg 768w, http:\/\/grundschule-wichern.de\/wp-content\/uploads\/2022\/10\/IMG_2074-Large-225x300.jpeg 225w, http:\/\/grundschule-wichern.de\/wp-content\/uploads\/2022\/10\/IMG_2074-Large-113x150.jpeg 113w, http:\/\/grundschule-wichern.de\/wp-content\/uploads\/2022\/10\/IMG_2074-Large.jpeg 960w\" sizes=\"auto, (max-width: 768px) 100vw, 768px\" \/><\/figure>\n\n\n\n<figure class=\"wp-block-image size-large\"><img loading=\"lazy\" decoding=\"async\" width=\"768\" height=\"1024\" data-id=\"1949\" src=\"http:\/\/grundschule-wichern.de\/wp-content\/uploads\/2022\/10\/IMG_2058-Large-1-768x1024.jpeg\" alt=\"\" class=\"wp-image-1949\" srcset=\"http:\/\/grundschule-wichern.de\/wp-content\/uploads\/2022\/10\/IMG_2058-Large-1-768x1024.jpeg 768w, http:\/\/grundschule-wichern.de\/wp-content\/uploads\/2022\/10\/IMG_2058-Large-1-225x300.jpeg 225w, http:\/\/grundschule-wichern.de\/wp-content\/uploads\/2022\/10\/IMG_2058-Large-1-113x150.jpeg 113w, http:\/\/grundschule-wichern.de\/wp-content\/uploads\/2022\/10\/IMG_2058-Large-1.jpeg 960w\" sizes=\"auto, (max-width: 768px) 100vw, 768px\" \/><\/figure>\n\n\n\n<figure class=\"wp-block-image size-large\"><img loading=\"lazy\" decoding=\"async\" width=\"768\" height=\"1024\" data-id=\"1945\" src=\"http:\/\/grundschule-wichern.de\/wp-content\/uploads\/2022\/10\/IMG_2064-Large-768x1024.jpeg\" alt=\"\" class=\"wp-image-1945\" srcset=\"http:\/\/grundschule-wichern.de\/wp-content\/uploads\/2022\/10\/IMG_2064-Large-768x1024.jpeg 768w, http:\/\/grundschule-wichern.de\/wp-content\/uploads\/2022\/10\/IMG_2064-Large-225x300.jpeg 225w, http:\/\/grundschule-wichern.de\/wp-content\/uploads\/2022\/10\/IMG_2064-Large-113x150.jpeg 113w, http:\/\/grundschule-wichern.de\/wp-content\/uploads\/2022\/10\/IMG_2064-Large.jpeg 960w\" sizes=\"auto, (max-width: 768px) 100vw, 768px\" \/><\/figure>\n\n\n\n<figure class=\"wp-block-image size-large\"><img loading=\"lazy\" decoding=\"async\" width=\"576\" height=\"1024\" data-id=\"1931\" src=\"http:\/\/grundschule-wichern.de\/wp-content\/uploads\/2022\/10\/IMG_2065-576x1024.jpg\" alt=\"\" class=\"wp-image-1931\" srcset=\"http:\/\/grundschule-wichern.de\/wp-content\/uploads\/2022\/10\/IMG_2065-576x1024.jpg 576w, http:\/\/grundschule-wichern.de\/wp-content\/uploads\/2022\/10\/IMG_2065-169x300.jpg 169w, http:\/\/grundschule-wichern.de\/wp-content\/uploads\/2022\/10\/IMG_2065-768x1365.jpg 768w, http:\/\/grundschule-wichern.de\/wp-content\/uploads\/2022\/10\/IMG_2065-864x1536.jpg 864w, http:\/\/grundschule-wichern.de\/wp-content\/uploads\/2022\/10\/IMG_2065-1152x2048.jpg 1152w, http:\/\/grundschule-wichern.de\/wp-content\/uploads\/2022\/10\/IMG_2065-84x150.jpg 84w, http:\/\/grundschule-wichern.de\/wp-content\/uploads\/2022\/10\/IMG_2065-scaled.jpg 1440w\" sizes=\"auto, (max-width: 576px) 100vw, 576px\" \/><\/figure>\n\n\n\n<figure class=\"wp-block-image size-large\"><img loading=\"lazy\" decoding=\"async\" width=\"768\" height=\"1024\" data-id=\"1946\" src=\"http:\/\/grundschule-wichern.de\/wp-content\/uploads\/2022\/10\/IMG_2071-Large-768x1024.jpeg\" alt=\"\" class=\"wp-image-1946\" srcset=\"http:\/\/grundschule-wichern.de\/wp-content\/uploads\/2022\/10\/IMG_2071-Large-768x1024.jpeg 768w, http:\/\/grundschule-wichern.de\/wp-content\/uploads\/2022\/10\/IMG_2071-Large-225x300.jpeg 225w, http:\/\/grundschule-wichern.de\/wp-content\/uploads\/2022\/10\/IMG_2071-Large-113x150.jpeg 113w, http:\/\/grundschule-wichern.de\/wp-content\/uploads\/2022\/10\/IMG_2071-Large.jpeg 960w\" sizes=\"auto, (max-width: 768px) 100vw, 768px\" \/><\/figure>\n\n\n\n<figure class=\"wp-block-image size-large\"><img loading=\"lazy\" decoding=\"async\" width=\"768\" height=\"1024\" data-id=\"1944\" src=\"http:\/\/grundschule-wichern.de\/wp-content\/uploads\/2022\/10\/IMG_2060-Large-768x1024.jpeg\" alt=\"\" class=\"wp-image-1944\" srcset=\"http:\/\/grundschule-wichern.de\/wp-content\/uploads\/2022\/10\/IMG_2060-Large-768x1024.jpeg 768w, http:\/\/grundschule-wichern.de\/wp-content\/uploads\/2022\/10\/IMG_2060-Large-225x300.jpeg 225w, http:\/\/grundschule-wichern.de\/wp-content\/uploads\/2022\/10\/IMG_2060-Large-113x150.jpeg 113w, http:\/\/grundschule-wichern.de\/wp-content\/uploads\/2022\/10\/IMG_2060-Large.jpeg 960w\" sizes=\"auto, (max-width: 768px) 100vw, 768px\" \/><\/figure>\n\n\n\n<figure class=\"wp-block-image size-large\"><img loading=\"lazy\" decoding=\"async\" width=\"768\" height=\"1024\" data-id=\"1943\" src=\"http:\/\/grundschule-wichern.de\/wp-content\/uploads\/2022\/10\/IMG_2058-Large-768x1024.jpeg\" alt=\"\" class=\"wp-image-1943\" srcset=\"http:\/\/grundschule-wichern.de\/wp-content\/uploads\/2022\/10\/IMG_2058-Large-768x1024.jpeg 768w, http:\/\/grundschule-wichern.de\/wp-content\/uploads\/2022\/10\/IMG_2058-Large-225x300.jpeg 225w, http:\/\/grundschule-wichern.de\/wp-content\/uploads\/2022\/10\/IMG_2058-Large-113x150.jpeg 113w, http:\/\/grundschule-wichern.de\/wp-content\/uploads\/2022\/10\/IMG_2058-Large.jpeg 960w\" sizes=\"auto, (max-width: 768px) 100vw, 768px\" \/><\/figure>\n\n\n\n<figure class=\"wp-block-image size-large\"><img loading=\"lazy\" decoding=\"async\" width=\"759\" height=\"1024\" data-id=\"1932\" src=\"http:\/\/grundschule-wichern.de\/wp-content\/uploads\/2022\/10\/IMG_2075-759x1024.jpg\" alt=\"\" class=\"wp-image-1932\" srcset=\"http:\/\/grundschule-wichern.de\/wp-content\/uploads\/2022\/10\/IMG_2075-759x1024.jpg 759w, http:\/\/grundschule-wichern.de\/wp-content\/uploads\/2022\/10\/IMG_2075-222x300.jpg 222w, http:\/\/grundschule-wichern.de\/wp-content\/uploads\/2022\/10\/IMG_2075-768x1036.jpg 768w, http:\/\/grundschule-wichern.de\/wp-content\/uploads\/2022\/10\/IMG_2075-111x150.jpg 111w, http:\/\/grundschule-wichern.de\/wp-content\/uploads\/2022\/10\/IMG_2075.jpg 816w\" sizes=\"auto, (max-width: 759px) 100vw, 759px\" \/><\/figure>\n\n\n\n<figure class=\"wp-block-image size-large\"><img loading=\"lazy\" decoding=\"async\" width=\"828\" height=\"606\" data-id=\"1935\" src=\"http:\/\/grundschule-wichern.de\/wp-content\/uploads\/2022\/10\/IMG_2076.jpg\" alt=\"\" class=\"wp-image-1935\" srcset=\"http:\/\/grundschule-wichern.de\/wp-content\/uploads\/2022\/10\/IMG_2076.jpg 828w, http:\/\/grundschule-wichern.de\/wp-content\/uploads\/2022\/10\/IMG_2076-300x220.jpg 300w, http:\/\/grundschule-wichern.de\/wp-content\/uploads\/2022\/10\/IMG_2076-768x562.jpg 768w, http:\/\/grundschule-wichern.de\/wp-content\/uploads\/2022\/10\/IMG_2076-150x110.jpg 150w\" sizes=\"auto, (max-width: 828px) 100vw, 828px\" \/><\/figure>\n\n\n\n<figure class=\"wp-block-image size-large\"><img loading=\"lazy\" decoding=\"async\" width=\"770\" height=\"1024\" data-id=\"1936\" src=\"http:\/\/grundschule-wichern.de\/wp-content\/uploads\/2022\/10\/IMG_2077-770x1024.jpg\" alt=\"\" class=\"wp-image-1936\" srcset=\"http:\/\/grundschule-wichern.de\/wp-content\/uploads\/2022\/10\/IMG_2077-770x1024.jpg 770w, http:\/\/grundschule-wichern.de\/wp-content\/uploads\/2022\/10\/IMG_2077-226x300.jpg 226w, http:\/\/grundschule-wichern.de\/wp-content\/uploads\/2022\/10\/IMG_2077-768x1021.jpg 768w, http:\/\/grundschule-wichern.de\/wp-content\/uploads\/2022\/10\/IMG_2077-113x150.jpg 113w, http:\/\/grundschule-wichern.de\/wp-content\/uploads\/2022\/10\/IMG_2077.jpg 828w\" sizes=\"auto, (max-width: 770px) 100vw, 770px\" \/><\/figure>\n\n\n\n<figure class=\"wp-block-image size-large\"><img loading=\"lazy\" decoding=\"async\" width=\"762\" height=\"1024\" data-id=\"1939\" src=\"http:\/\/grundschule-wichern.de\/wp-content\/uploads\/2022\/10\/IMG_2078-762x1024.jpg\" alt=\"\" class=\"wp-image-1939\" srcset=\"http:\/\/grundschule-wichern.de\/wp-content\/uploads\/2022\/10\/IMG_2078-762x1024.jpg 762w, http:\/\/grundschule-wichern.de\/wp-content\/uploads\/2022\/10\/IMG_2078-223x300.jpg 223w, http:\/\/grundschule-wichern.de\/wp-content\/uploads\/2022\/10\/IMG_2078-768x1031.jpg 768w, http:\/\/grundschule-wichern.de\/wp-content\/uploads\/2022\/10\/IMG_2078-112x150.jpg 112w, http:\/\/grundschule-wichern.de\/wp-content\/uploads\/2022\/10\/IMG_2078.jpg 828w\" sizes=\"auto, (max-width: 762px) 100vw, 762px\" \/><\/figure>\n\n\n\n<figure class=\"wp-block-image size-large\"><img loading=\"lazy\" decoding=\"async\" width=\"767\" height=\"1024\" data-id=\"1941\" src=\"http:\/\/grundschule-wichern.de\/wp-content\/uploads\/2022\/10\/IMG_2079-767x1024.jpg\" alt=\"\" class=\"wp-image-1941\" srcset=\"http:\/\/grundschule-wichern.de\/wp-content\/uploads\/2022\/10\/IMG_2079-767x1024.jpg 767w, http:\/\/grundschule-wichern.de\/wp-content\/uploads\/2022\/10\/IMG_2079-225x300.jpg 225w, http:\/\/grundschule-wichern.de\/wp-content\/uploads\/2022\/10\/IMG_2079-768x1026.jpg 768w, http:\/\/grundschule-wichern.de\/wp-content\/uploads\/2022\/10\/IMG_2079-112x150.jpg 112w, http:\/\/grundschule-wichern.de\/wp-content\/uploads\/2022\/10\/IMG_2079.jpg 828w\" sizes=\"auto, (max-width: 767px) 100vw, 767px\" \/><\/figure>\n\n\n\n<figure class=\"wp-block-image size-large\"><img loading=\"lazy\" decoding=\"async\" width=\"828\" height=\"608\" data-id=\"1940\" src=\"http:\/\/grundschule-wichern.de\/wp-content\/uploads\/2022\/10\/IMG_2080.jpg\" alt=\"\" class=\"wp-image-1940\" srcset=\"http:\/\/grundschule-wichern.de\/wp-content\/uploads\/2022\/10\/IMG_2080.jpg 828w, http:\/\/grundschule-wichern.de\/wp-content\/uploads\/2022\/10\/IMG_2080-300x220.jpg 300w, http:\/\/grundschule-wichern.de\/wp-content\/uploads\/2022\/10\/IMG_2080-768x564.jpg 768w, http:\/\/grundschule-wichern.de\/wp-content\/uploads\/2022\/10\/IMG_2080-150x110.jpg 150w\" sizes=\"auto, (max-width: 828px) 100vw, 828px\" \/><\/figure>\n\n\n\n<figure class=\"wp-block-image size-large\"><img loading=\"lazy\" decoding=\"async\" width=\"776\" height=\"1024\" data-id=\"1942\" src=\"http:\/\/grundschule-wichern.de\/wp-content\/uploads\/2022\/10\/IMG_2081-776x1024.jpg\" alt=\"\" class=\"wp-image-1942\" srcset=\"http:\/\/grundschule-wichern.de\/wp-content\/uploads\/2022\/10\/IMG_2081-776x1024.jpg 776w, http:\/\/grundschule-wichern.de\/wp-content\/uploads\/2022\/10\/IMG_2081-227x300.jpg 227w, http:\/\/grundschule-wichern.de\/wp-content\/uploads\/2022\/10\/IMG_2081-768x1014.jpg 768w, http:\/\/grundschule-wichern.de\/wp-content\/uploads\/2022\/10\/IMG_2081-114x150.jpg 114w, http:\/\/grundschule-wichern.de\/wp-content\/uploads\/2022\/10\/IMG_2081.jpg 828w\" sizes=\"auto, (max-width: 776px) 100vw, 776px\" \/><\/figure>\n<\/figure>\n","protected":false},"excerpt":{"rendered":"<p>Am Freitag besuchten die 2a und 2b die Murmelbahnausstellung im Stadtmuseum in Rinteln. Der Ausflug begann nat\u00fcrlich mit einer spannenden und aufregenden Busfahrt. Die Anfahrt dauerte nicht lang und schon erreichte der Bus das Museum.Im Museum gab es eine kleine Einf\u00fchrung, wie man die Murmelbahnen nutzen darf. Endlich bekam jeder&hellip; mehr lesen<\/p>\n","protected":false},"author":1,"featured_media":1949,"comment_status":"closed","ping_status":"open","sticky":false,"template":"","format":"standard","meta":{"_uag_custom_page_level_css":"","jetpack_post_was_ever_published":false,"_jetpack_newsletter_access":"","_jetpack_dont_email_post_to_subs":false,"_jetpack_newsletter_tier_id":0,"_jetpack_memberships_contains_paywalled_content":false,"_jetpack_memberships_contains_paid_content":false,"footnotes":"","jetpack_publicize_message":"","jetpack_publicize_feature_enabled":true,"jetpack_social_post_already_shared":true,"jetpack_social_options":{"image_generator_settings":{"template":"highway","default_image_id":0,"enabled":false},"version":2}},"categories":[13,3,24,9],"tags":[],"class_list":["post-1923","post","type-post","status-publish","format-standard","has-post-thumbnail","hentry","category-slider","category-aktuelles","category-schuljahr-2022-2023-aktuelles","category-spalten"],"jetpack_publicize_connections":[],"jetpack_featured_media_url":"http:\/\/grundschule-wichern.de\/wp-content\/uploads\/2022\/10\/IMG_2058-Large-1.jpeg","uagb_featured_image_src":{"full":["http:\/\/grundschule-wichern.de\/wp-content\/uploads\/2022\/10\/IMG_2058-Large-1.jpeg",960,1280,false],"thumbnail":["http:\/\/grundschule-wichern.de\/wp-content\/uploads\/2022\/10\/IMG_2058-Large-1-150x150.jpeg",150,150,true],"medium":["http:\/\/grundschule-wichern.de\/wp-content\/uploads\/2022\/10\/IMG_2058-Large-1-225x300.jpeg",225,300,true],"medium_large":["http:\/\/grundschule-wichern.de\/wp-content\/uploads\/2022\/10\/IMG_2058-Large-1-768x1024.jpeg",768,1024,true],"large":["http:\/\/grundschule-wichern.de\/wp-content\/uploads\/2022\/10\/IMG_2058-Large-1-768x1024.jpeg",768,1024,true],"1536x1536":["http:\/\/grundschule-wichern.de\/wp-content\/uploads\/2022\/10\/IMG_2058-Large-1.jpeg",960,1280,false],"2048x2048":["http:\/\/grundschule-wichern.de\/wp-content\/uploads\/2022\/10\/IMG_2058-Large-1.jpeg",960,1280,false],"custom":["http:\/\/grundschule-wichern.de\/wp-content\/uploads\/2022\/10\/IMG_2058-Large-1-780x350.jpeg",780,350,true],"post-thumbnail":["http:\/\/grundschule-wichern.de\/wp-content\/uploads\/2022\/10\/IMG_2058-Large-1-113x150.jpeg",113,150,true],"header":["http:\/\/grundschule-wichern.de\/wp-content\/uploads\/2022\/10\/IMG_2058-Large-1-960x200.jpeg",960,200,true],"slider":["http:\/\/grundschule-wichern.de\/wp-content\/uploads\/2022\/10\/IMG_2058-Large-1-960x410.jpeg",960,410,true],"columns":["http:\/\/grundschule-wichern.de\/wp-content\/uploads\/2022\/10\/IMG_2058-Large-1-549x300.jpeg",549,300,true],"sow-carousel-default":["http:\/\/grundschule-wichern.de\/wp-content\/uploads\/2022\/10\/IMG_2058-Large-1-272x182.jpeg",272,182,true]},"uagb_author_info":{"display_name":"Hille","author_link":"http:\/\/grundschule-wichern.de\/?author=1"},"uagb_comment_info":0,"uagb_excerpt":"Am Freitag besuchten die 2a und 2b die Murmelbahnausstellung im Stadtmuseum in Rinteln. Der Ausflug begann nat\u00fcrlich mit einer spannenden und aufregenden Busfahrt. Die Anfahrt dauerte nicht lang und schon erreichte der Bus das Museum.Im Museum gab es eine kleine Einf\u00fchrung, wie man die Murmelbahnen nutzen darf. Endlich bekam jeder&hellip; mehr lesen","jetpack_sharing_enabled":true,"jetpack_shortlink":"https:\/\/wp.me\/p9HPiT-v1","_links":{"self":[{"href":"http:\/\/grundschule-wichern.de\/index.php?rest_route=\/wp\/v2\/posts\/1923","targetHints":{"allow":["GET"]}}],"collection":[{"href":"http:\/\/grundschule-wichern.de\/index.php?rest_route=\/wp\/v2\/posts"}],"about":[{"href":"http:\/\/grundschule-wichern.de\/index.php?rest_route=\/wp\/v2\/types\/post"}],"author":[{"embeddable":true,"href":"http:\/\/grundschule-wichern.de\/index.php?rest_route=\/wp\/v2\/users\/1"}],"replies":[{"embeddable":true,"href":"http:\/\/grundschule-wichern.de\/index.php?rest_route=%2Fwp%2Fv2%2Fcomments&post=1923"}],"version-history":[{"count":1,"href":"http:\/\/grundschule-wichern.de\/index.php?rest_route=\/wp\/v2\/posts\/1923\/revisions"}],"predecessor-version":[{"id":1950,"href":"http:\/\/grundschule-wichern.de\/index.php?rest_route=\/wp\/v2\/posts\/1923\/revisions\/1950"}],"wp:featuredmedia":[{"embeddable":true,"href":"http:\/\/grundschule-wichern.de\/index.php?rest_route=\/wp\/v2\/media\/1949"}],"wp:attachment":[{"href":"http:\/\/grundschule-wichern.de\/index.php?rest_route=%2Fwp%2Fv2%2Fmedia&parent=1923"}],"wp:term":[{"taxonomy":"category","embeddable":true,"href":"http:\/\/grundschule-wichern.de\/index.php?rest_route=%2Fwp%2Fv2%2Fcategories&post=1923"},{"taxonomy":"post_tag","embeddable":true,"href":"http:\/\/grundschule-wichern.de\/index.php?rest_route=%2Fwp%2Fv2%2Ftags&post=1923"}],"curies":[{"name":"wp","href":"https:\/\/api.w.org\/{rel}","templated":true}]}}