{"id":1918,"date":"2022-08-12T08:31:27","date_gmt":"2022-08-12T08:31:27","guid":{"rendered":"http:\/\/grundschule-wichern.de\/?p=1918"},"modified":"2022-08-12T08:31:30","modified_gmt":"2022-08-12T08:31:30","slug":"130-schulstarter","status":"publish","type":"post","link":"http:\/\/grundschule-wichern.de\/?p=1918","title":{"rendered":"130 Schulstarter"},"content":{"rendered":"\n<div class=\"wp-block-media-text alignwide is-stacked-on-mobile\"><figure class=\"wp-block-media-text__media\"><img loading=\"lazy\" decoding=\"async\" width=\"480\" height=\"640\" src=\"http:\/\/grundschule-wichern.de\/wp-content\/uploads\/2022\/08\/erstertag.jpg\" alt=\"\" class=\"wp-image-1920 size-full\" srcset=\"http:\/\/grundschule-wichern.de\/wp-content\/uploads\/2022\/08\/erstertag.jpg 480w, http:\/\/grundschule-wichern.de\/wp-content\/uploads\/2022\/08\/erstertag-225x300.jpg 225w, http:\/\/grundschule-wichern.de\/wp-content\/uploads\/2022\/08\/erstertag-113x150.jpg 113w\" sizes=\"auto, (max-width: 480px) 100vw, 480px\" \/><\/figure><div class=\"wp-block-media-text__content\">\n<p>Der erste Schultag begann am Grundschulverbund Wichern-Lohe f\u00fcr 130 Kinder wieder mit einem Gottesdienst in den beiden Kirchen. Die Kinder waren aufgeregt und bekamen ein tolles Programm der zweite Klassen geboten. &#8222;Wenn du Freunde suchst, findest du sie hier!&#8220; war die Botschaft. Frau Huck und Herr Pl\u00f6ger begr\u00fc\u00dften dann die Eltern und Kinder.<\/p>\n<\/div><\/div>\n","protected":false},"excerpt":{"rendered":"<p>Der erste Schultag begann am Grundschulverbund Wichern-Lohe f\u00fcr 130 Kinder wieder mit einem Gottesdienst in den beiden Kirchen. Die Kinder waren aufgeregt und bekamen ein tolles Programm der zweite Klassen geboten. &#8222;Wenn du Freunde suchst, findest du sie hier!&#8220; war die Botschaft. Frau Huck und Herr Pl\u00f6ger begr\u00fc\u00dften dann die&hellip; mehr lesen<\/p>\n","protected":false},"author":4,"featured_media":1920,"comment_status":"closed","ping_status":"open","sticky":false,"template":"","format":"standard","meta":{"_uag_custom_page_level_css":"","jetpack_post_was_ever_published":false,"_jetpack_newsletter_access":"","_jetpack_dont_email_post_to_subs":false,"_jetpack_newsletter_tier_id":0,"_jetpack_memberships_contains_paywalled_content":false,"_jetpack_memberships_contains_paid_content":false,"footnotes":"","jetpack_publicize_message":"","jetpack_publicize_feature_enabled":true,"jetpack_social_post_already_shared":true,"jetpack_social_options":{"image_generator_settings":{"template":"highway","default_image_id":0,"enabled":false},"version":2}},"categories":[3,13,24],"tags":[],"class_list":["post-1918","post","type-post","status-publish","format-standard","has-post-thumbnail","hentry","category-aktuelles","category-slider","category-schuljahr-2022-2023-aktuelles"],"jetpack_publicize_connections":[],"jetpack_featured_media_url":"http:\/\/grundschule-wichern.de\/wp-content\/uploads\/2022\/08\/erstertag.jpg","uagb_featured_image_src":{"full":["http:\/\/grundschule-wichern.de\/wp-content\/uploads\/2022\/08\/erstertag.jpg",480,640,false],"thumbnail":["http:\/\/grundschule-wichern.de\/wp-content\/uploads\/2022\/08\/erstertag-150x150.jpg",150,150,true],"medium":["http:\/\/grundschule-wichern.de\/wp-content\/uploads\/2022\/08\/erstertag-225x300.jpg",225,300,true],"medium_large":["http:\/\/grundschule-wichern.de\/wp-content\/uploads\/2022\/08\/erstertag.jpg",480,640,false],"large":["http:\/\/grundschule-wichern.de\/wp-content\/uploads\/2022\/08\/erstertag.jpg",480,640,false],"1536x1536":["http:\/\/grundschule-wichern.de\/wp-content\/uploads\/2022\/08\/erstertag.jpg",480,640,false],"2048x2048":["http:\/\/grundschule-wichern.de\/wp-content\/uploads\/2022\/08\/erstertag.jpg",480,640,false],"custom":["http:\/\/grundschule-wichern.de\/wp-content\/uploads\/2022\/08\/erstertag-480x350.jpg",480,350,true],"post-thumbnail":["http:\/\/grundschule-wichern.de\/wp-content\/uploads\/2022\/08\/erstertag-113x150.jpg",113,150,true],"header":["http:\/\/grundschule-wichern.de\/wp-content\/uploads\/2022\/08\/erstertag-480x200.jpg",480,200,true],"slider":["http:\/\/grundschule-wichern.de\/wp-content\/uploads\/2022\/08\/erstertag-480x410.jpg",480,410,true],"columns":["http:\/\/grundschule-wichern.de\/wp-content\/uploads\/2022\/08\/erstertag-480x300.jpg",480,300,true],"sow-carousel-default":["http:\/\/grundschule-wichern.de\/wp-content\/uploads\/2022\/08\/erstertag-272x182.jpg",272,182,true]},"uagb_author_info":{"display_name":"Anja Huck","author_link":"http:\/\/grundschule-wichern.de\/?author=4"},"uagb_comment_info":0,"uagb_excerpt":"Der erste Schultag begann am Grundschulverbund Wichern-Lohe f\u00fcr 130 Kinder wieder mit einem Gottesdienst in den beiden Kirchen. Die Kinder waren aufgeregt und bekamen ein tolles Programm der zweite Klassen geboten. &#8222;Wenn du Freunde suchst, findest du sie hier!&#8220; war die Botschaft. Frau Huck und Herr Pl\u00f6ger begr\u00fc\u00dften dann die&hellip; mehr lesen","jetpack_sharing_enabled":true,"jetpack_shortlink":"https:\/\/wp.me\/p9HPiT-uW","_links":{"self":[{"href":"http:\/\/grundschule-wichern.de\/index.php?rest_route=\/wp\/v2\/posts\/1918","targetHints":{"allow":["GET"]}}],"collection":[{"href":"http:\/\/grundschule-wichern.de\/index.php?rest_route=\/wp\/v2\/posts"}],"about":[{"href":"http:\/\/grundschule-wichern.de\/index.php?rest_route=\/wp\/v2\/types\/post"}],"author":[{"embeddable":true,"href":"http:\/\/grundschule-wichern.de\/index.php?rest_route=\/wp\/v2\/users\/4"}],"replies":[{"embeddable":true,"href":"http:\/\/grundschule-wichern.de\/index.php?rest_route=%2Fwp%2Fv2%2Fcomments&post=1918"}],"version-history":[{"count":2,"href":"http:\/\/grundschule-wichern.de\/index.php?rest_route=\/wp\/v2\/posts\/1918\/revisions"}],"predecessor-version":[{"id":1921,"href":"http:\/\/grundschule-wichern.de\/index.php?rest_route=\/wp\/v2\/posts\/1918\/revisions\/1921"}],"wp:featuredmedia":[{"embeddable":true,"href":"http:\/\/grundschule-wichern.de\/index.php?rest_route=\/wp\/v2\/media\/1920"}],"wp:attachment":[{"href":"http:\/\/grundschule-wichern.de\/index.php?rest_route=%2Fwp%2Fv2%2Fmedia&parent=1918"}],"wp:term":[{"taxonomy":"category","embeddable":true,"href":"http:\/\/grundschule-wichern.de\/index.php?rest_route=%2Fwp%2Fv2%2Fcategories&post=1918"},{"taxonomy":"post_tag","embeddable":true,"href":"http:\/\/grundschule-wichern.de\/index.php?rest_route=%2Fwp%2Fv2%2Ftags&post=1918"}],"curies":[{"name":"wp","href":"https:\/\/api.w.org\/{rel}","templated":true}]}}