{"id":1890,"date":"2022-05-25T10:28:11","date_gmt":"2022-05-25T10:28:11","guid":{"rendered":"http:\/\/grundschule-wichern.de\/?p=1890"},"modified":"2022-05-25T10:28:13","modified_gmt":"2022-05-25T10:28:13","slug":"bruecken-live","status":"publish","type":"post","link":"http:\/\/grundschule-wichern.de\/?p=1890","title":{"rendered":"Br\u00fccken live!"},"content":{"rendered":"\n<p>im Rahmen des neune Projektes &#8222;Forschendes Lernen&#8220; besch\u00e4ftigen sich unsere 3. Klassen f\u00e4cher\u00fcbergreifend mit dem Thema Br\u00fccken. Richtig passend kam da das nette Angebot der Stadt Bad Oeynhausen und Herrn Grove, die Baustelle der neuen Sielbr\u00fccke zu besichtigen. Die Kinder bekamen von Herrn Grove tolle Einblicke in die Welt des Br\u00fcckenbaus. Viele Fragen der Kinder konnten beantwortet werden und die neuen Eindr\u00fccke werden sicherlich bei der Ergebnispr\u00e4sentation des Br\u00fcckenprojektes mit einflie\u00dfen. Vielen Dank, dass wir kommen durften.<\/p>\n","protected":false},"excerpt":{"rendered":"<p>im Rahmen des neune Projektes &#8222;Forschendes Lernen&#8220; besch\u00e4ftigen sich unsere 3. Klassen f\u00e4cher\u00fcbergreifend mit dem Thema Br\u00fccken. Richtig passend kam da das nette Angebot der Stadt Bad Oeynhausen und Herrn Grove, die Baustelle der neuen Sielbr\u00fccke zu besichtigen. Die Kinder bekamen von Herrn Grove tolle Einblicke in die Welt des&hellip; mehr lesen<\/p>\n","protected":false},"author":4,"featured_media":1892,"comment_status":"closed","ping_status":"open","sticky":false,"template":"","format":"standard","meta":{"_uag_custom_page_level_css":"","jetpack_post_was_ever_published":false,"_jetpack_newsletter_access":"","_jetpack_dont_email_post_to_subs":false,"_jetpack_newsletter_tier_id":0,"_jetpack_memberships_contains_paywalled_content":false,"_jetpack_memberships_contains_paid_content":false,"footnotes":"","jetpack_publicize_message":"","jetpack_publicize_feature_enabled":true,"jetpack_social_post_already_shared":true,"jetpack_social_options":{"image_generator_settings":{"template":"highway","default_image_id":0,"enabled":false},"version":2}},"categories":[13,3,20],"tags":[],"class_list":["post-1890","post","type-post","status-publish","format-standard","has-post-thumbnail","hentry","category-slider","category-aktuelles","category-schuljahr-2021-2022"],"jetpack_publicize_connections":[],"jetpack_featured_media_url":"http:\/\/grundschule-wichern.de\/wp-content\/uploads\/2022\/05\/Siel-04-1.jpg","uagb_featured_image_src":{"full":["http:\/\/grundschule-wichern.de\/wp-content\/uploads\/2022\/05\/Siel-04-1.jpg",400,225,false],"thumbnail":["http:\/\/grundschule-wichern.de\/wp-content\/uploads\/2022\/05\/Siel-04-1-150x150.jpg",150,150,true],"medium":["http:\/\/grundschule-wichern.de\/wp-content\/uploads\/2022\/05\/Siel-04-1-300x169.jpg",300,169,true],"medium_large":["http:\/\/grundschule-wichern.de\/wp-content\/uploads\/2022\/05\/Siel-04-1.jpg",400,225,false],"large":["http:\/\/grundschule-wichern.de\/wp-content\/uploads\/2022\/05\/Siel-04-1.jpg",400,225,false],"1536x1536":["http:\/\/grundschule-wichern.de\/wp-content\/uploads\/2022\/05\/Siel-04-1.jpg",400,225,false],"2048x2048":["http:\/\/grundschule-wichern.de\/wp-content\/uploads\/2022\/05\/Siel-04-1.jpg",400,225,false],"custom":["http:\/\/grundschule-wichern.de\/wp-content\/uploads\/2022\/05\/Siel-04-1.jpg",400,225,false],"post-thumbnail":["http:\/\/grundschule-wichern.de\/wp-content\/uploads\/2022\/05\/Siel-04-1-150x84.jpg",150,84,true],"header":["http:\/\/grundschule-wichern.de\/wp-content\/uploads\/2022\/05\/Siel-04-1-400x200.jpg",400,200,true],"slider":["http:\/\/grundschule-wichern.de\/wp-content\/uploads\/2022\/05\/Siel-04-1.jpg",400,225,false],"columns":["http:\/\/grundschule-wichern.de\/wp-content\/uploads\/2022\/05\/Siel-04-1.jpg",400,225,false],"sow-carousel-default":["http:\/\/grundschule-wichern.de\/wp-content\/uploads\/2022\/05\/Siel-04-1-272x182.jpg",272,182,true]},"uagb_author_info":{"display_name":"Anja Huck","author_link":"http:\/\/grundschule-wichern.de\/?author=4"},"uagb_comment_info":0,"uagb_excerpt":"im Rahmen des neune Projektes &#8222;Forschendes Lernen&#8220; besch\u00e4ftigen sich unsere 3. Klassen f\u00e4cher\u00fcbergreifend mit dem Thema Br\u00fccken. Richtig passend kam da das nette Angebot der Stadt Bad Oeynhausen und Herrn Grove, die Baustelle der neuen Sielbr\u00fccke zu besichtigen. Die Kinder bekamen von Herrn Grove tolle Einblicke in die Welt des&hellip; mehr lesen","jetpack_sharing_enabled":true,"jetpack_shortlink":"https:\/\/wp.me\/p9HPiT-uu","_links":{"self":[{"href":"http:\/\/grundschule-wichern.de\/index.php?rest_route=\/wp\/v2\/posts\/1890","targetHints":{"allow":["GET"]}}],"collection":[{"href":"http:\/\/grundschule-wichern.de\/index.php?rest_route=\/wp\/v2\/posts"}],"about":[{"href":"http:\/\/grundschule-wichern.de\/index.php?rest_route=\/wp\/v2\/types\/post"}],"author":[{"embeddable":true,"href":"http:\/\/grundschule-wichern.de\/index.php?rest_route=\/wp\/v2\/users\/4"}],"replies":[{"embeddable":true,"href":"http:\/\/grundschule-wichern.de\/index.php?rest_route=%2Fwp%2Fv2%2Fcomments&post=1890"}],"version-history":[{"count":1,"href":"http:\/\/grundschule-wichern.de\/index.php?rest_route=\/wp\/v2\/posts\/1890\/revisions"}],"predecessor-version":[{"id":1893,"href":"http:\/\/grundschule-wichern.de\/index.php?rest_route=\/wp\/v2\/posts\/1890\/revisions\/1893"}],"wp:featuredmedia":[{"embeddable":true,"href":"http:\/\/grundschule-wichern.de\/index.php?rest_route=\/wp\/v2\/media\/1892"}],"wp:attachment":[{"href":"http:\/\/grundschule-wichern.de\/index.php?rest_route=%2Fwp%2Fv2%2Fmedia&parent=1890"}],"wp:term":[{"taxonomy":"category","embeddable":true,"href":"http:\/\/grundschule-wichern.de\/index.php?rest_route=%2Fwp%2Fv2%2Fcategories&post=1890"},{"taxonomy":"post_tag","embeddable":true,"href":"http:\/\/grundschule-wichern.de\/index.php?rest_route=%2Fwp%2Fv2%2Ftags&post=1890"}],"curies":[{"name":"wp","href":"https:\/\/api.w.org\/{rel}","templated":true}]}}