{"id":1883,"date":"2022-05-10T11:26:58","date_gmt":"2022-05-10T11:26:58","guid":{"rendered":"http:\/\/grundschule-wichern.de\/?p=1883"},"modified":"2022-05-10T11:27:02","modified_gmt":"2022-05-10T11:27:02","slug":"backen-fuer-die-beste-mutter","status":"publish","type":"post","link":"http:\/\/grundschule-wichern.de\/?p=1883","title":{"rendered":"Backen f\u00fcr die beste Mutter"},"content":{"rendered":"\n<p>Kurz vor dem Muttertag war der Jahrgang 2 im Mittelpunkt des Standorts Wichern versammelt. Die gro\u00dfe Herz-Ausstechform kam beim Backen zum Einsatz und jedes Kind konnte f\u00fcr seine Mutter ein gro\u00dfes Herz-Pl\u00e4tzchen herstellen. Die Verzierungen waren liebevoll und \u00e4u\u00dferst kreativ.<\/p>\n","protected":false},"excerpt":{"rendered":"<p>Kurz vor dem Muttertag war der Jahrgang 2 im Mittelpunkt des Standorts Wichern versammelt. Die gro\u00dfe Herz-Ausstechform kam beim Backen zum Einsatz und jedes Kind konnte f\u00fcr seine Mutter ein gro\u00dfes Herz-Pl\u00e4tzchen herstellen. Die Verzierungen waren liebevoll und \u00e4u\u00dferst kreativ. mehr lesen<\/p>\n","protected":false},"author":4,"featured_media":1884,"comment_status":"closed","ping_status":"open","sticky":false,"template":"","format":"standard","meta":{"_uag_custom_page_level_css":"","jetpack_post_was_ever_published":false,"_jetpack_newsletter_access":"","_jetpack_dont_email_post_to_subs":false,"_jetpack_newsletter_tier_id":0,"_jetpack_memberships_contains_paywalled_content":false,"_jetpack_memberships_contains_paid_content":false,"footnotes":"","jetpack_publicize_message":"","jetpack_publicize_feature_enabled":true,"jetpack_social_post_already_shared":true,"jetpack_social_options":{"image_generator_settings":{"template":"highway","default_image_id":0,"enabled":false},"version":2}},"categories":[3,13,20],"tags":[],"class_list":["post-1883","post","type-post","status-publish","format-standard","has-post-thumbnail","hentry","category-aktuelles","category-slider","category-schuljahr-2021-2022"],"jetpack_publicize_connections":[],"jetpack_featured_media_url":"http:\/\/grundschule-wichern.de\/wp-content\/uploads\/2022\/05\/Muttertag.jpg","uagb_featured_image_src":{"full":["http:\/\/grundschule-wichern.de\/wp-content\/uploads\/2022\/05\/Muttertag.jpg",640,480,false],"thumbnail":["http:\/\/grundschule-wichern.de\/wp-content\/uploads\/2022\/05\/Muttertag-150x150.jpg",150,150,true],"medium":["http:\/\/grundschule-wichern.de\/wp-content\/uploads\/2022\/05\/Muttertag-300x225.jpg",300,225,true],"medium_large":["http:\/\/grundschule-wichern.de\/wp-content\/uploads\/2022\/05\/Muttertag.jpg",640,480,false],"large":["http:\/\/grundschule-wichern.de\/wp-content\/uploads\/2022\/05\/Muttertag.jpg",640,480,false],"1536x1536":["http:\/\/grundschule-wichern.de\/wp-content\/uploads\/2022\/05\/Muttertag.jpg",640,480,false],"2048x2048":["http:\/\/grundschule-wichern.de\/wp-content\/uploads\/2022\/05\/Muttertag.jpg",640,480,false],"custom":["http:\/\/grundschule-wichern.de\/wp-content\/uploads\/2022\/05\/Muttertag-640x350.jpg",640,350,true],"post-thumbnail":["http:\/\/grundschule-wichern.de\/wp-content\/uploads\/2022\/05\/Muttertag-150x113.jpg",150,113,true],"header":["http:\/\/grundschule-wichern.de\/wp-content\/uploads\/2022\/05\/Muttertag-640x200.jpg",640,200,true],"slider":["http:\/\/grundschule-wichern.de\/wp-content\/uploads\/2022\/05\/Muttertag-640x410.jpg",640,410,true],"columns":["http:\/\/grundschule-wichern.de\/wp-content\/uploads\/2022\/05\/Muttertag-549x300.jpg",549,300,true],"sow-carousel-default":["http:\/\/grundschule-wichern.de\/wp-content\/uploads\/2022\/05\/Muttertag-272x182.jpg",272,182,true]},"uagb_author_info":{"display_name":"Anja Huck","author_link":"http:\/\/grundschule-wichern.de\/?author=4"},"uagb_comment_info":0,"uagb_excerpt":"Kurz vor dem Muttertag war der Jahrgang 2 im Mittelpunkt des Standorts Wichern versammelt. Die gro\u00dfe Herz-Ausstechform kam beim Backen zum Einsatz und jedes Kind konnte f\u00fcr seine Mutter ein gro\u00dfes Herz-Pl\u00e4tzchen herstellen. Die Verzierungen waren liebevoll und \u00e4u\u00dferst kreativ. mehr lesen","jetpack_sharing_enabled":true,"jetpack_shortlink":"https:\/\/wp.me\/p9HPiT-un","_links":{"self":[{"href":"http:\/\/grundschule-wichern.de\/index.php?rest_route=\/wp\/v2\/posts\/1883","targetHints":{"allow":["GET"]}}],"collection":[{"href":"http:\/\/grundschule-wichern.de\/index.php?rest_route=\/wp\/v2\/posts"}],"about":[{"href":"http:\/\/grundschule-wichern.de\/index.php?rest_route=\/wp\/v2\/types\/post"}],"author":[{"embeddable":true,"href":"http:\/\/grundschule-wichern.de\/index.php?rest_route=\/wp\/v2\/users\/4"}],"replies":[{"embeddable":true,"href":"http:\/\/grundschule-wichern.de\/index.php?rest_route=%2Fwp%2Fv2%2Fcomments&post=1883"}],"version-history":[{"count":1,"href":"http:\/\/grundschule-wichern.de\/index.php?rest_route=\/wp\/v2\/posts\/1883\/revisions"}],"predecessor-version":[{"id":1885,"href":"http:\/\/grundschule-wichern.de\/index.php?rest_route=\/wp\/v2\/posts\/1883\/revisions\/1885"}],"wp:featuredmedia":[{"embeddable":true,"href":"http:\/\/grundschule-wichern.de\/index.php?rest_route=\/wp\/v2\/media\/1884"}],"wp:attachment":[{"href":"http:\/\/grundschule-wichern.de\/index.php?rest_route=%2Fwp%2Fv2%2Fmedia&parent=1883"}],"wp:term":[{"taxonomy":"category","embeddable":true,"href":"http:\/\/grundschule-wichern.de\/index.php?rest_route=%2Fwp%2Fv2%2Fcategories&post=1883"},{"taxonomy":"post_tag","embeddable":true,"href":"http:\/\/grundschule-wichern.de\/index.php?rest_route=%2Fwp%2Fv2%2Ftags&post=1883"}],"curies":[{"name":"wp","href":"https:\/\/api.w.org\/{rel}","templated":true}]}}