{"id":1879,"date":"2022-05-04T08:04:32","date_gmt":"2022-05-04T08:04:32","guid":{"rendered":"http:\/\/grundschule-wichern.de\/?p=1879"},"modified":"2022-05-04T08:04:36","modified_gmt":"2022-05-04T08:04:36","slug":"nele-setzt-sich-durch","status":"publish","type":"post","link":"http:\/\/grundschule-wichern.de\/?p=1879","title":{"rendered":"Nele setzt sich durch"},"content":{"rendered":"\n<p>die vierten Klassen waren gut vorbereitet, denn der schulinterne Lesewettbewerb stand vor der T\u00fcr. Gesucht wurde der Lesek\u00f6nig oder die Lesek\u00f6nigin der Schule. Jede Klasse hatte zwei Kinder ins Rennen geschickt, die vor einer unabh\u00e4ngigen Jury ihr Lesekompetenz unter Beweis stellen sollten. Nach gut einer Stunde war die Entscheidung dann doch denkbar knapp. Nele setzte sich knapp durch und konnte vor Amelie und Rosa den ersten Preis in Empfang nehmen. &#8222;Damit h\u00e4tte ich nicht gerechnet&#8220; sagte die strahlende Siegerin. Nele wird uns im Juni beim Lesewettbewerb auf Stadtebene vertreten.<\/p>\n","protected":false},"excerpt":{"rendered":"<p>die vierten Klassen waren gut vorbereitet, denn der schulinterne Lesewettbewerb stand vor der T\u00fcr. Gesucht wurde der Lesek\u00f6nig oder die Lesek\u00f6nigin der Schule. Jede Klasse hatte zwei Kinder ins Rennen geschickt, die vor einer unabh\u00e4ngigen Jury ihr Lesekompetenz unter Beweis stellen sollten. Nach gut einer Stunde war die Entscheidung dann&hellip; mehr lesen<\/p>\n","protected":false},"author":4,"featured_media":1881,"comment_status":"closed","ping_status":"open","sticky":false,"template":"","format":"standard","meta":{"_uag_custom_page_level_css":"","jetpack_post_was_ever_published":false,"_jetpack_newsletter_access":"","_jetpack_dont_email_post_to_subs":false,"_jetpack_newsletter_tier_id":0,"_jetpack_memberships_contains_paywalled_content":false,"_jetpack_memberships_contains_paid_content":false,"footnotes":"","jetpack_publicize_message":"","jetpack_publicize_feature_enabled":true,"jetpack_social_post_already_shared":true,"jetpack_social_options":{"image_generator_settings":{"template":"highway","default_image_id":0,"enabled":false},"version":2}},"categories":[13,3,20],"tags":[],"class_list":["post-1879","post","type-post","status-publish","format-standard","has-post-thumbnail","hentry","category-slider","category-aktuelles","category-schuljahr-2021-2022"],"jetpack_publicize_connections":[],"jetpack_featured_media_url":"http:\/\/grundschule-wichern.de\/wp-content\/uploads\/2022\/05\/Lese22.jpg","uagb_featured_image_src":{"full":["http:\/\/grundschule-wichern.de\/wp-content\/uploads\/2022\/05\/Lese22.jpg",350,262,false],"thumbnail":["http:\/\/grundschule-wichern.de\/wp-content\/uploads\/2022\/05\/Lese22-150x150.jpg",150,150,true],"medium":["http:\/\/grundschule-wichern.de\/wp-content\/uploads\/2022\/05\/Lese22-300x225.jpg",300,225,true],"medium_large":["http:\/\/grundschule-wichern.de\/wp-content\/uploads\/2022\/05\/Lese22.jpg",350,262,false],"large":["http:\/\/grundschule-wichern.de\/wp-content\/uploads\/2022\/05\/Lese22.jpg",350,262,false],"1536x1536":["http:\/\/grundschule-wichern.de\/wp-content\/uploads\/2022\/05\/Lese22.jpg",350,262,false],"2048x2048":["http:\/\/grundschule-wichern.de\/wp-content\/uploads\/2022\/05\/Lese22.jpg",350,262,false],"custom":["http:\/\/grundschule-wichern.de\/wp-content\/uploads\/2022\/05\/Lese22.jpg",350,262,false],"post-thumbnail":["http:\/\/grundschule-wichern.de\/wp-content\/uploads\/2022\/05\/Lese22-150x112.jpg",150,112,true],"header":["http:\/\/grundschule-wichern.de\/wp-content\/uploads\/2022\/05\/Lese22-350x200.jpg",350,200,true],"slider":["http:\/\/grundschule-wichern.de\/wp-content\/uploads\/2022\/05\/Lese22.jpg",350,262,false],"columns":["http:\/\/grundschule-wichern.de\/wp-content\/uploads\/2022\/05\/Lese22.jpg",350,262,false],"sow-carousel-default":["http:\/\/grundschule-wichern.de\/wp-content\/uploads\/2022\/05\/Lese22-272x182.jpg",272,182,true]},"uagb_author_info":{"display_name":"Anja Huck","author_link":"http:\/\/grundschule-wichern.de\/?author=4"},"uagb_comment_info":0,"uagb_excerpt":"die vierten Klassen waren gut vorbereitet, denn der schulinterne Lesewettbewerb stand vor der T\u00fcr. Gesucht wurde der Lesek\u00f6nig oder die Lesek\u00f6nigin der Schule. Jede Klasse hatte zwei Kinder ins Rennen geschickt, die vor einer unabh\u00e4ngigen Jury ihr Lesekompetenz unter Beweis stellen sollten. Nach gut einer Stunde war die Entscheidung dann&hellip; mehr lesen","jetpack_sharing_enabled":true,"jetpack_shortlink":"https:\/\/wp.me\/p9HPiT-uj","_links":{"self":[{"href":"http:\/\/grundschule-wichern.de\/index.php?rest_route=\/wp\/v2\/posts\/1879","targetHints":{"allow":["GET"]}}],"collection":[{"href":"http:\/\/grundschule-wichern.de\/index.php?rest_route=\/wp\/v2\/posts"}],"about":[{"href":"http:\/\/grundschule-wichern.de\/index.php?rest_route=\/wp\/v2\/types\/post"}],"author":[{"embeddable":true,"href":"http:\/\/grundschule-wichern.de\/index.php?rest_route=\/wp\/v2\/users\/4"}],"replies":[{"embeddable":true,"href":"http:\/\/grundschule-wichern.de\/index.php?rest_route=%2Fwp%2Fv2%2Fcomments&post=1879"}],"version-history":[{"count":2,"href":"http:\/\/grundschule-wichern.de\/index.php?rest_route=\/wp\/v2\/posts\/1879\/revisions"}],"predecessor-version":[{"id":1882,"href":"http:\/\/grundschule-wichern.de\/index.php?rest_route=\/wp\/v2\/posts\/1879\/revisions\/1882"}],"wp:featuredmedia":[{"embeddable":true,"href":"http:\/\/grundschule-wichern.de\/index.php?rest_route=\/wp\/v2\/media\/1881"}],"wp:attachment":[{"href":"http:\/\/grundschule-wichern.de\/index.php?rest_route=%2Fwp%2Fv2%2Fmedia&parent=1879"}],"wp:term":[{"taxonomy":"category","embeddable":true,"href":"http:\/\/grundschule-wichern.de\/index.php?rest_route=%2Fwp%2Fv2%2Fcategories&post=1879"},{"taxonomy":"post_tag","embeddable":true,"href":"http:\/\/grundschule-wichern.de\/index.php?rest_route=%2Fwp%2Fv2%2Ftags&post=1879"}],"curies":[{"name":"wp","href":"https:\/\/api.w.org\/{rel}","templated":true}]}}