{"id":1851,"date":"2022-04-08T08:47:20","date_gmt":"2022-04-08T08:47:20","guid":{"rendered":"http:\/\/grundschule-wichern.de\/?p=1851"},"modified":"2022-04-09T17:33:38","modified_gmt":"2022-04-09T17:33:38","slug":"endlich-buecherflohmarkt","status":"publish","type":"post","link":"http:\/\/grundschule-wichern.de\/?p=1851","title":{"rendered":"Endlich B\u00fccherflohmarkt"},"content":{"rendered":"\n<div class=\"wp-block-image is-style-rounded\"><figure class=\"alignleft size-full is-resized\"><img loading=\"lazy\" decoding=\"async\" src=\"http:\/\/grundschule-wichern.de\/wp-content\/uploads\/2022\/04\/flohmarkt22.jpg\" alt=\"\" class=\"wp-image-1852\" width=\"269\" height=\"358\" srcset=\"http:\/\/grundschule-wichern.de\/wp-content\/uploads\/2022\/04\/flohmarkt22.jpg 240w, http:\/\/grundschule-wichern.de\/wp-content\/uploads\/2022\/04\/flohmarkt22-225x300.jpg 225w, http:\/\/grundschule-wichern.de\/wp-content\/uploads\/2022\/04\/flohmarkt22-113x150.jpg 113w\" sizes=\"auto, (max-width: 269px) 100vw, 269px\" \/><figcaption>B\u00fccherflohmarkt 22<\/figcaption><\/figure><\/div>\n\n\n\n<p>Am letzten Freitag vor den Osterferien ist B\u00fccherflohmarkt! Das war schon immer so und viele ehemalige Sch\u00fclerinnen und Sch\u00fcler erinnern sich gerne daran. So viel es uns auch sehr schwer, den Flohmarkt w\u00e4hrend der Corona Zeit immer wieder abzusagen. Endlich war es nun wieder m\u00f6glich und die Kinder an beiden Standorten freuten sich sehr, neue B\u00fccher zu kaufen und alte zu verkaufen. Es war eine richtig gute Stimmung bei allen Beteiligten. Auch f\u00fcr die Sch\u00fclerb\u00fcchereien an beiden Standorten wurde gesorgt und das ein oder andere gute Buch steht nun in der Schule und kann dort geliehen werden.<\/p>\n\n\n\n<figure class=\"wp-block-gallery has-nested-images columns-default is-cropped wp-block-gallery-1 is-layout-flex wp-block-gallery-is-layout-flex\">\n<figure class=\"wp-block-image size-large\"><img loading=\"lazy\" decoding=\"async\" width=\"1920\" height=\"2560\" data-id=\"1874\" src=\"http:\/\/grundschule-wichern.de\/wp-content\/uploads\/2022\/04\/IMG_8645-scaled.jpg\" alt=\"\" class=\"wp-image-1874\" srcset=\"http:\/\/grundschule-wichern.de\/wp-content\/uploads\/2022\/04\/IMG_8645-scaled.jpg 1920w, http:\/\/grundschule-wichern.de\/wp-content\/uploads\/2022\/04\/IMG_8645-225x300.jpg 225w, http:\/\/grundschule-wichern.de\/wp-content\/uploads\/2022\/04\/IMG_8645-768x1024.jpg 768w, http:\/\/grundschule-wichern.de\/wp-content\/uploads\/2022\/04\/IMG_8645-1152x1536.jpg 1152w, http:\/\/grundschule-wichern.de\/wp-content\/uploads\/2022\/04\/IMG_8645-1536x2048.jpg 1536w, http:\/\/grundschule-wichern.de\/wp-content\/uploads\/2022\/04\/IMG_8645-113x150.jpg 113w\" sizes=\"auto, (max-width: 1920px) 100vw, 1920px\" \/><\/figure>\n\n\n\n<figure class=\"wp-block-image size-large\"><img loading=\"lazy\" decoding=\"async\" width=\"240\" height=\"320\" data-id=\"1852\" src=\"http:\/\/grundschule-wichern.de\/wp-content\/uploads\/2022\/04\/flohmarkt22.jpg\" alt=\"\" class=\"wp-image-1852\" srcset=\"http:\/\/grundschule-wichern.de\/wp-content\/uploads\/2022\/04\/flohmarkt22.jpg 240w, http:\/\/grundschule-wichern.de\/wp-content\/uploads\/2022\/04\/flohmarkt22-225x300.jpg 225w, http:\/\/grundschule-wichern.de\/wp-content\/uploads\/2022\/04\/flohmarkt22-113x150.jpg 113w\" sizes=\"auto, (max-width: 240px) 100vw, 240px\" \/><\/figure>\n<\/figure>\n","protected":false},"excerpt":{"rendered":"<p>Am letzten Freitag vor den Osterferien ist B\u00fccherflohmarkt! Das war schon immer so und viele ehemalige Sch\u00fclerinnen und Sch\u00fcler erinnern sich gerne daran. So viel es uns auch sehr schwer, den Flohmarkt w\u00e4hrend der Corona Zeit immer wieder abzusagen. Endlich war es nun wieder m\u00f6glich und die Kinder an beiden&hellip; mehr lesen<\/p>\n","protected":false},"author":4,"featured_media":1852,"comment_status":"closed","ping_status":"open","sticky":false,"template":"","format":"standard","meta":{"_uag_custom_page_level_css":"","jetpack_post_was_ever_published":false,"_jetpack_newsletter_access":"","_jetpack_dont_email_post_to_subs":false,"_jetpack_newsletter_tier_id":0,"_jetpack_memberships_contains_paywalled_content":false,"_jetpack_memberships_contains_paid_content":false,"footnotes":"","jetpack_publicize_message":"","jetpack_publicize_feature_enabled":true,"jetpack_social_post_already_shared":true,"jetpack_social_options":{"image_generator_settings":{"template":"highway","default_image_id":0,"enabled":false},"version":2}},"categories":[3,13,20],"tags":[],"class_list":["post-1851","post","type-post","status-publish","format-standard","has-post-thumbnail","hentry","category-aktuelles","category-slider","category-schuljahr-2021-2022"],"jetpack_publicize_connections":[],"jetpack_featured_media_url":"http:\/\/grundschule-wichern.de\/wp-content\/uploads\/2022\/04\/flohmarkt22.jpg","uagb_featured_image_src":{"full":["http:\/\/grundschule-wichern.de\/wp-content\/uploads\/2022\/04\/flohmarkt22.jpg",240,320,false],"thumbnail":["http:\/\/grundschule-wichern.de\/wp-content\/uploads\/2022\/04\/flohmarkt22-150x150.jpg",150,150,true],"medium":["http:\/\/grundschule-wichern.de\/wp-content\/uploads\/2022\/04\/flohmarkt22-225x300.jpg",225,300,true],"medium_large":["http:\/\/grundschule-wichern.de\/wp-content\/uploads\/2022\/04\/flohmarkt22.jpg",240,320,false],"large":["http:\/\/grundschule-wichern.de\/wp-content\/uploads\/2022\/04\/flohmarkt22.jpg",240,320,false],"1536x1536":["http:\/\/grundschule-wichern.de\/wp-content\/uploads\/2022\/04\/flohmarkt22.jpg",240,320,false],"2048x2048":["http:\/\/grundschule-wichern.de\/wp-content\/uploads\/2022\/04\/flohmarkt22.jpg",240,320,false],"custom":["http:\/\/grundschule-wichern.de\/wp-content\/uploads\/2022\/04\/flohmarkt22.jpg",240,320,false],"post-thumbnail":["http:\/\/grundschule-wichern.de\/wp-content\/uploads\/2022\/04\/flohmarkt22-113x150.jpg",113,150,true],"header":["http:\/\/grundschule-wichern.de\/wp-content\/uploads\/2022\/04\/flohmarkt22-240x200.jpg",240,200,true],"slider":["http:\/\/grundschule-wichern.de\/wp-content\/uploads\/2022\/04\/flohmarkt22.jpg",240,320,false],"columns":["http:\/\/grundschule-wichern.de\/wp-content\/uploads\/2022\/04\/flohmarkt22-240x300.jpg",240,300,true],"sow-carousel-default":["http:\/\/grundschule-wichern.de\/wp-content\/uploads\/2022\/04\/flohmarkt22-240x182.jpg",240,182,true]},"uagb_author_info":{"display_name":"Anja Huck","author_link":"http:\/\/grundschule-wichern.de\/?author=4"},"uagb_comment_info":0,"uagb_excerpt":"Am letzten Freitag vor den Osterferien ist B\u00fccherflohmarkt! Das war schon immer so und viele ehemalige Sch\u00fclerinnen und Sch\u00fcler erinnern sich gerne daran. So viel es uns auch sehr schwer, den Flohmarkt w\u00e4hrend der Corona Zeit immer wieder abzusagen. Endlich war es nun wieder m\u00f6glich und die Kinder an beiden&hellip; mehr lesen","jetpack_sharing_enabled":true,"jetpack_shortlink":"https:\/\/wp.me\/p9HPiT-tR","_links":{"self":[{"href":"http:\/\/grundschule-wichern.de\/index.php?rest_route=\/wp\/v2\/posts\/1851","targetHints":{"allow":["GET"]}}],"collection":[{"href":"http:\/\/grundschule-wichern.de\/index.php?rest_route=\/wp\/v2\/posts"}],"about":[{"href":"http:\/\/grundschule-wichern.de\/index.php?rest_route=\/wp\/v2\/types\/post"}],"author":[{"embeddable":true,"href":"http:\/\/grundschule-wichern.de\/index.php?rest_route=\/wp\/v2\/users\/4"}],"replies":[{"embeddable":true,"href":"http:\/\/grundschule-wichern.de\/index.php?rest_route=%2Fwp%2Fv2%2Fcomments&post=1851"}],"version-history":[{"count":2,"href":"http:\/\/grundschule-wichern.de\/index.php?rest_route=\/wp\/v2\/posts\/1851\/revisions"}],"predecessor-version":[{"id":1876,"href":"http:\/\/grundschule-wichern.de\/index.php?rest_route=\/wp\/v2\/posts\/1851\/revisions\/1876"}],"wp:featuredmedia":[{"embeddable":true,"href":"http:\/\/grundschule-wichern.de\/index.php?rest_route=\/wp\/v2\/media\/1852"}],"wp:attachment":[{"href":"http:\/\/grundschule-wichern.de\/index.php?rest_route=%2Fwp%2Fv2%2Fmedia&parent=1851"}],"wp:term":[{"taxonomy":"category","embeddable":true,"href":"http:\/\/grundschule-wichern.de\/index.php?rest_route=%2Fwp%2Fv2%2Fcategories&post=1851"},{"taxonomy":"post_tag","embeddable":true,"href":"http:\/\/grundschule-wichern.de\/index.php?rest_route=%2Fwp%2Fv2%2Ftags&post=1851"}],"curies":[{"name":"wp","href":"https:\/\/api.w.org\/{rel}","templated":true}]}}