{"id":1830,"date":"2022-03-20T10:18:04","date_gmt":"2022-03-20T10:18:04","guid":{"rendered":"http:\/\/grundschule-wichern.de\/?p=1830"},"modified":"2022-03-20T10:18:07","modified_gmt":"2022-03-20T10:18:07","slug":"mehr-aufmerksamkeit-fuer-unsere-umwelt","status":"publish","type":"post","link":"http:\/\/grundschule-wichern.de\/?p=1830","title":{"rendered":"Mehr Aufmerksamkeit f\u00fcr unsere Umwelt!"},"content":{"rendered":"\n<p>In der letzten Zeit mussten wir leider immer wieder beobachten, dass die Vermeidung und auch die Trennung von Abf\u00e4llen bei uns in der Schule nicht bei allen Kindern angekommen und verinnerlicht ist. Auch Sch\u00fclerinnen und Sch\u00fcler selbst haben dies bemerkt und bem\u00e4ngelt; hier bestand daher dringender Handlungsbedarf. Dazu haben wir in den Klassenr\u00e4ten und im Sch\u00fclerparlament Ideen gesammelt und L\u00f6sungsvorschl\u00e4ge f\u00fcr eine Verbesserung der Situation an unserer Schule zusammengetragen. Unter Mithilfe unseres Hausmeisters und des Schultr\u00e4gers werden nun neue Abfallsysteme f\u00fcr eine effektivere M\u00fclltrennung angeschafft und in den Klassen verteilt. Sonderm\u00fcllbeh\u00e4lter f\u00fcr den infekti\u00f6sen Abfall im Rahmen der Corona-Testungen wurden schon vor einiger Zeit besorgt und den Klassen zur Verf\u00fcgung gestellt.<\/p>\n\n\n\n<figure class=\"wp-block-gallery has-nested-images columns-default is-cropped wp-block-gallery-1 is-layout-flex wp-block-gallery-is-layout-flex\">\n<figure class=\"wp-block-image size-large\"><img loading=\"lazy\" decoding=\"async\" width=\"375\" height=\"500\" data-id=\"1845\" src=\"http:\/\/grundschule-wichern.de\/wp-content\/uploads\/2022\/03\/Hofdienst.jpg\" alt=\"\" class=\"wp-image-1845\" srcset=\"http:\/\/grundschule-wichern.de\/wp-content\/uploads\/2022\/03\/Hofdienst.jpg 375w, http:\/\/grundschule-wichern.de\/wp-content\/uploads\/2022\/03\/Hofdienst-225x300.jpg 225w, http:\/\/grundschule-wichern.de\/wp-content\/uploads\/2022\/03\/Hofdienst-113x150.jpg 113w\" sizes=\"auto, (max-width: 375px) 100vw, 375px\" \/><figcaption>M\u00fcll sammeln<\/figcaption><\/figure>\n\n\n\n<figure class=\"wp-block-image size-large\"><img loading=\"lazy\" decoding=\"async\" width=\"375\" height=\"500\" data-id=\"1835\" src=\"http:\/\/grundschule-wichern.de\/wp-content\/uploads\/2022\/03\/Muelltrennung.jpg\" alt=\"\" class=\"wp-image-1835\" srcset=\"http:\/\/grundschule-wichern.de\/wp-content\/uploads\/2022\/03\/Muelltrennung.jpg 375w, http:\/\/grundschule-wichern.de\/wp-content\/uploads\/2022\/03\/Muelltrennung-225x300.jpg 225w, http:\/\/grundschule-wichern.de\/wp-content\/uploads\/2022\/03\/Muelltrennung-113x150.jpg 113w\" sizes=\"auto, (max-width: 375px) 100vw, 375px\" \/><figcaption>M\u00fcll trennen<\/figcaption><\/figure>\n\n\n\n<figure class=\"wp-block-image size-large\"><img loading=\"lazy\" decoding=\"async\" width=\"375\" height=\"500\" data-id=\"1832\" src=\"http:\/\/grundschule-wichern.de\/wp-content\/uploads\/2022\/03\/Fruehstueck.jpg\" alt=\"\" class=\"wp-image-1832\" srcset=\"http:\/\/grundschule-wichern.de\/wp-content\/uploads\/2022\/03\/Fruehstueck.jpg 375w, http:\/\/grundschule-wichern.de\/wp-content\/uploads\/2022\/03\/Fruehstueck-225x300.jpg 225w, http:\/\/grundschule-wichern.de\/wp-content\/uploads\/2022\/03\/Fruehstueck-113x150.jpg 113w\" sizes=\"auto, (max-width: 375px) 100vw, 375px\" \/><figcaption>M\u00fcll vermeiden<\/figcaption><\/figure>\n<\/figure>\n\n\n\n<p>Des Weiteren achten die Klassen jetzt vermehrt darauf, dass beim Fr\u00fchst\u00fcck \u00fcberfl\u00fcssige und umweltsch\u00e4dliche Verpackungen vermieden werden und dass die Abf\u00e4lle korrekt entsorgt werden. In einigen Klassen gibt es wechselnde Kinder, die w\u00e4hrend der Fr\u00fchst\u00fcckspause herumgehen, einen Blick auf das Fr\u00fchst\u00fcck der anderen werfen und ggf. Tipps geben, wie \u00fcberfl\u00fcssige Abf\u00e4lle vermieden werden k\u00f6nnen. Hierbei soll nat\u00fcrlich nicht stigmatisiert, sondern lediglich freundschaftlich zum Nachdenken angeregt werden.<br>Auf dem Schulhof sorgen unsere Hofdienste jetzt wieder verst\u00e4rkt f\u00fcr Ordnung, d.h. immer zwei Kinder gehen w\u00e4hrend der gro\u00dfen Pausen mit Abfallzangen und Eimern herum und sammeln herumliegenden M\u00fcll ein. Diese Aktion l\u00e4uft nach dem Rotationsprinzip, so dass wochenweise jede Klasse mal drankommt.<br>In den Klassen k\u00fcmmern sich u.a. Licht- und L\u00fcftungsdienste um den verantwortungsbewussten Umgang mit Ressourcen und passen z.B. auf, dass regelm\u00e4\u00dfig gel\u00fcftet wird, dass die Heizungen nicht \u201ef\u00fcr drau\u00dfen\u201c laufen und dass kein Licht brennt, wenn niemand im Raum ist.<br>Wir hoffen, dass das gesteigerte Umweltbewusstsein unserer Sch\u00fclerinnen und Sch\u00fcler den Weg bis ins Elternhaus findet und auch dort, wo dies bislang noch nicht geschehen ist, f\u00fcr eine erh\u00f6hte Sensibilisierung f\u00fcr unsere Umwelt sorgt!<br>Unsere Erde hat die Aufmerksamkeit dringend n\u00f6tig!<\/p>\n\n\n\n<p><\/p>\n","protected":false},"excerpt":{"rendered":"<p>In der letzten Zeit mussten wir leider immer wieder beobachten, dass die Vermeidung und auch die Trennung von Abf\u00e4llen bei uns in der Schule nicht bei allen Kindern angekommen und verinnerlicht ist. Auch Sch\u00fclerinnen und Sch\u00fcler selbst haben dies bemerkt und bem\u00e4ngelt; hier bestand daher dringender Handlungsbedarf. Dazu haben wir&hellip; mehr lesen<\/p>\n","protected":false},"author":1,"featured_media":1835,"comment_status":"closed","ping_status":"open","sticky":false,"template":"","format":"standard","meta":{"_uag_custom_page_level_css":"","jetpack_post_was_ever_published":false,"_jetpack_newsletter_access":"","_jetpack_dont_email_post_to_subs":false,"_jetpack_newsletter_tier_id":0,"_jetpack_memberships_contains_paywalled_content":false,"_jetpack_memberships_contains_paid_content":false,"footnotes":"","jetpack_publicize_message":"","jetpack_publicize_feature_enabled":true,"jetpack_social_post_already_shared":true,"jetpack_social_options":{"image_generator_settings":{"template":"highway","default_image_id":0,"enabled":false},"version":2}},"categories":[3,13,20],"tags":[],"class_list":["post-1830","post","type-post","status-publish","format-standard","has-post-thumbnail","hentry","category-aktuelles","category-slider","category-schuljahr-2021-2022"],"jetpack_publicize_connections":[],"jetpack_featured_media_url":"http:\/\/grundschule-wichern.de\/wp-content\/uploads\/2022\/03\/Muelltrennung.jpg","uagb_featured_image_src":{"full":["http:\/\/grundschule-wichern.de\/wp-content\/uploads\/2022\/03\/Muelltrennung.jpg",375,500,false],"thumbnail":["http:\/\/grundschule-wichern.de\/wp-content\/uploads\/2022\/03\/Muelltrennung-150x150.jpg",150,150,true],"medium":["http:\/\/grundschule-wichern.de\/wp-content\/uploads\/2022\/03\/Muelltrennung-225x300.jpg",225,300,true],"medium_large":["http:\/\/grundschule-wichern.de\/wp-content\/uploads\/2022\/03\/Muelltrennung.jpg",375,500,false],"large":["http:\/\/grundschule-wichern.de\/wp-content\/uploads\/2022\/03\/Muelltrennung.jpg",375,500,false],"1536x1536":["http:\/\/grundschule-wichern.de\/wp-content\/uploads\/2022\/03\/Muelltrennung.jpg",375,500,false],"2048x2048":["http:\/\/grundschule-wichern.de\/wp-content\/uploads\/2022\/03\/Muelltrennung.jpg",375,500,false],"custom":["http:\/\/grundschule-wichern.de\/wp-content\/uploads\/2022\/03\/Muelltrennung-375x350.jpg",375,350,true],"post-thumbnail":["http:\/\/grundschule-wichern.de\/wp-content\/uploads\/2022\/03\/Muelltrennung-113x150.jpg",113,150,true],"header":["http:\/\/grundschule-wichern.de\/wp-content\/uploads\/2022\/03\/Muelltrennung-375x200.jpg",375,200,true],"slider":["http:\/\/grundschule-wichern.de\/wp-content\/uploads\/2022\/03\/Muelltrennung-375x410.jpg",375,410,true],"columns":["http:\/\/grundschule-wichern.de\/wp-content\/uploads\/2022\/03\/Muelltrennung-375x300.jpg",375,300,true],"sow-carousel-default":["http:\/\/grundschule-wichern.de\/wp-content\/uploads\/2022\/03\/Muelltrennung-272x182.jpg",272,182,true]},"uagb_author_info":{"display_name":"Hille","author_link":"http:\/\/grundschule-wichern.de\/?author=1"},"uagb_comment_info":0,"uagb_excerpt":"In der letzten Zeit mussten wir leider immer wieder beobachten, dass die Vermeidung und auch die Trennung von Abf\u00e4llen bei uns in der Schule nicht bei allen Kindern angekommen und verinnerlicht ist. Auch Sch\u00fclerinnen und Sch\u00fcler selbst haben dies bemerkt und bem\u00e4ngelt; hier bestand daher dringender Handlungsbedarf. Dazu haben wir&hellip; mehr lesen","jetpack_sharing_enabled":true,"jetpack_shortlink":"https:\/\/wp.me\/p9HPiT-tw","_links":{"self":[{"href":"http:\/\/grundschule-wichern.de\/index.php?rest_route=\/wp\/v2\/posts\/1830","targetHints":{"allow":["GET"]}}],"collection":[{"href":"http:\/\/grundschule-wichern.de\/index.php?rest_route=\/wp\/v2\/posts"}],"about":[{"href":"http:\/\/grundschule-wichern.de\/index.php?rest_route=\/wp\/v2\/types\/post"}],"author":[{"embeddable":true,"href":"http:\/\/grundschule-wichern.de\/index.php?rest_route=\/wp\/v2\/users\/1"}],"replies":[{"embeddable":true,"href":"http:\/\/grundschule-wichern.de\/index.php?rest_route=%2Fwp%2Fv2%2Fcomments&post=1830"}],"version-history":[{"count":13,"href":"http:\/\/grundschule-wichern.de\/index.php?rest_route=\/wp\/v2\/posts\/1830\/revisions"}],"predecessor-version":[{"id":1846,"href":"http:\/\/grundschule-wichern.de\/index.php?rest_route=\/wp\/v2\/posts\/1830\/revisions\/1846"}],"wp:featuredmedia":[{"embeddable":true,"href":"http:\/\/grundschule-wichern.de\/index.php?rest_route=\/wp\/v2\/media\/1835"}],"wp:attachment":[{"href":"http:\/\/grundschule-wichern.de\/index.php?rest_route=%2Fwp%2Fv2%2Fmedia&parent=1830"}],"wp:term":[{"taxonomy":"category","embeddable":true,"href":"http:\/\/grundschule-wichern.de\/index.php?rest_route=%2Fwp%2Fv2%2Fcategories&post=1830"},{"taxonomy":"post_tag","embeddable":true,"href":"http:\/\/grundschule-wichern.de\/index.php?rest_route=%2Fwp%2Fv2%2Ftags&post=1830"}],"curies":[{"name":"wp","href":"https:\/\/api.w.org\/{rel}","templated":true}]}}