{"id":1731,"date":"2022-03-01T10:21:46","date_gmt":"2022-03-01T10:21:46","guid":{"rendered":"http:\/\/grundschule-wichern.de\/?p=1731"},"modified":"2022-03-13T08:49:39","modified_gmt":"2022-03-13T08:49:39","slug":"umstellung-auf-echte-lollis-gelungen","status":"publish","type":"post","link":"http:\/\/grundschule-wichern.de\/?p=1731","title":{"rendered":"Umstellung auf echte Lollis gelungen"},"content":{"rendered":"<div id=\"attachment_1732\" style=\"width: 253px\" class=\"wp-caption alignleft\"><img loading=\"lazy\" decoding=\"async\" aria-describedby=\"caption-attachment-1732\" class=\"size-medium wp-image-1732\" src=\"http:\/\/grundschule-wichern.de\/wp-content\/uploads\/2022\/03\/Lolli-03-243x300.jpg\" alt=\"Lolli 3.0\" width=\"243\" height=\"300\" srcset=\"http:\/\/grundschule-wichern.de\/wp-content\/uploads\/2022\/03\/Lolli-03-243x300.jpg 243w, http:\/\/grundschule-wichern.de\/wp-content\/uploads\/2022\/03\/Lolli-03-122x150.jpg 122w, http:\/\/grundschule-wichern.de\/wp-content\/uploads\/2022\/03\/Lolli-03.jpg 384w\" sizes=\"auto, (max-width: 243px) 100vw, 243px\" \/><p id=\"caption-attachment-1732\" class=\"wp-caption-text\">Jetzt gibt es echte Lollis<\/p><\/div>\n<p>Seit Mai 2021 haben die Kinder die PCR Lolli Test an unserer Schule durchgef\u00fchrt. Im Laufe dieser langen Zeit hat sich am Verfahren viel ver\u00e4ndert und es ist eine gewisse Routine eingekehrt. Unsere Sch\u00fclerinnen und Sch\u00fcler waren immer sehr diszipliniert und habe das mit Gelassenheit durchgezogen.<br \/>\nMit der Einstellung des erfolgreichen PCR Pooltest Verfahrens war es dann mal an der Zeit, dass die Kinder einen echten Lolli als &#8222;Dankesch\u00f6n&#8220; von der Schule probieren durften. Das kam durchweg gut an und keiner muss deswegen in Quarant\u00e4ne &#8211; einfach ein gutes Gef\u00fchl.<\/p>\n","protected":false},"excerpt":{"rendered":"<p>Seit Mai 2021 haben die Kinder die PCR Lolli Test an unserer Schule durchgef\u00fchrt. Im Laufe dieser langen Zeit hat sich am Verfahren viel ver\u00e4ndert und es ist eine gewisse Routine eingekehrt. Unsere Sch\u00fclerinnen und Sch\u00fcler waren immer sehr diszipliniert und habe das mit Gelassenheit durchgezogen. Mit der Einstellung des&hellip; mehr lesen<\/p>\n","protected":false},"author":4,"featured_media":1732,"comment_status":"closed","ping_status":"open","sticky":false,"template":"","format":"standard","meta":{"_uag_custom_page_level_css":"","jetpack_post_was_ever_published":false,"_jetpack_newsletter_access":"","_jetpack_dont_email_post_to_subs":false,"_jetpack_newsletter_tier_id":0,"_jetpack_memberships_contains_paywalled_content":false,"_jetpack_memberships_contains_paid_content":false,"footnotes":"","jetpack_publicize_message":"","jetpack_publicize_feature_enabled":true,"jetpack_social_post_already_shared":true,"jetpack_social_options":{"image_generator_settings":{"template":"highway","default_image_id":0,"enabled":false},"version":2}},"categories":[13,3,20],"tags":[],"class_list":["post-1731","post","type-post","status-publish","format-standard","has-post-thumbnail","hentry","category-slider","category-aktuelles","category-schuljahr-2021-2022"],"jetpack_publicize_connections":[],"jetpack_featured_media_url":"http:\/\/grundschule-wichern.de\/wp-content\/uploads\/2022\/03\/Lolli-03.jpg","uagb_featured_image_src":{"full":["http:\/\/grundschule-wichern.de\/wp-content\/uploads\/2022\/03\/Lolli-03.jpg",384,474,false],"thumbnail":["http:\/\/grundschule-wichern.de\/wp-content\/uploads\/2022\/03\/Lolli-03-150x150.jpg",150,150,true],"medium":["http:\/\/grundschule-wichern.de\/wp-content\/uploads\/2022\/03\/Lolli-03-243x300.jpg",243,300,true],"medium_large":["http:\/\/grundschule-wichern.de\/wp-content\/uploads\/2022\/03\/Lolli-03.jpg",384,474,false],"large":["http:\/\/grundschule-wichern.de\/wp-content\/uploads\/2022\/03\/Lolli-03.jpg",384,474,false],"1536x1536":["http:\/\/grundschule-wichern.de\/wp-content\/uploads\/2022\/03\/Lolli-03.jpg",384,474,false],"2048x2048":["http:\/\/grundschule-wichern.de\/wp-content\/uploads\/2022\/03\/Lolli-03.jpg",384,474,false],"custom":["http:\/\/grundschule-wichern.de\/wp-content\/uploads\/2022\/03\/Lolli-03-384x350.jpg",384,350,true],"post-thumbnail":["http:\/\/grundschule-wichern.de\/wp-content\/uploads\/2022\/03\/Lolli-03-122x150.jpg",122,150,true],"header":["http:\/\/grundschule-wichern.de\/wp-content\/uploads\/2022\/03\/Lolli-03-384x200.jpg",384,200,true],"slider":["http:\/\/grundschule-wichern.de\/wp-content\/uploads\/2022\/03\/Lolli-03-384x410.jpg",384,410,true],"columns":["http:\/\/grundschule-wichern.de\/wp-content\/uploads\/2022\/03\/Lolli-03-327x300.jpg",327,300,true],"sow-carousel-default":["http:\/\/grundschule-wichern.de\/wp-content\/uploads\/2022\/03\/Lolli-03-272x182.jpg",272,182,true]},"uagb_author_info":{"display_name":"Anja Huck","author_link":"http:\/\/grundschule-wichern.de\/?author=4"},"uagb_comment_info":0,"uagb_excerpt":"Seit Mai 2021 haben die Kinder die PCR Lolli Test an unserer Schule durchgef\u00fchrt. Im Laufe dieser langen Zeit hat sich am Verfahren viel ver\u00e4ndert und es ist eine gewisse Routine eingekehrt. Unsere Sch\u00fclerinnen und Sch\u00fcler waren immer sehr diszipliniert und habe das mit Gelassenheit durchgezogen. Mit der Einstellung des&hellip; mehr lesen","jetpack_sharing_enabled":true,"jetpack_shortlink":"https:\/\/wp.me\/p9HPiT-rV","_links":{"self":[{"href":"http:\/\/grundschule-wichern.de\/index.php?rest_route=\/wp\/v2\/posts\/1731","targetHints":{"allow":["GET"]}}],"collection":[{"href":"http:\/\/grundschule-wichern.de\/index.php?rest_route=\/wp\/v2\/posts"}],"about":[{"href":"http:\/\/grundschule-wichern.de\/index.php?rest_route=\/wp\/v2\/types\/post"}],"author":[{"embeddable":true,"href":"http:\/\/grundschule-wichern.de\/index.php?rest_route=\/wp\/v2\/users\/4"}],"replies":[{"embeddable":true,"href":"http:\/\/grundschule-wichern.de\/index.php?rest_route=%2Fwp%2Fv2%2Fcomments&post=1731"}],"version-history":[{"count":2,"href":"http:\/\/grundschule-wichern.de\/index.php?rest_route=\/wp\/v2\/posts\/1731\/revisions"}],"predecessor-version":[{"id":1776,"href":"http:\/\/grundschule-wichern.de\/index.php?rest_route=\/wp\/v2\/posts\/1731\/revisions\/1776"}],"wp:featuredmedia":[{"embeddable":true,"href":"http:\/\/grundschule-wichern.de\/index.php?rest_route=\/wp\/v2\/media\/1732"}],"wp:attachment":[{"href":"http:\/\/grundschule-wichern.de\/index.php?rest_route=%2Fwp%2Fv2%2Fmedia&parent=1731"}],"wp:term":[{"taxonomy":"category","embeddable":true,"href":"http:\/\/grundschule-wichern.de\/index.php?rest_route=%2Fwp%2Fv2%2Fcategories&post=1731"},{"taxonomy":"post_tag","embeddable":true,"href":"http:\/\/grundschule-wichern.de\/index.php?rest_route=%2Fwp%2Fv2%2Ftags&post=1731"}],"curies":[{"name":"wp","href":"https:\/\/api.w.org\/{rel}","templated":true}]}}