{"id":1727,"date":"2021-12-13T07:32:28","date_gmt":"2021-12-13T07:32:28","guid":{"rendered":"http:\/\/grundschule-wichern.de\/?p=1727"},"modified":"2022-03-13T08:53:03","modified_gmt":"2022-03-13T08:53:03","slug":"theater-kommt-zu-uns-petterson-und-findus","status":"publish","type":"post","link":"http:\/\/grundschule-wichern.de\/?p=1727","title":{"rendered":"Theater kommt zu uns &#8211; Petterson und Findus"},"content":{"rendered":"<p><img loading=\"lazy\" decoding=\"async\" class=\"size-medium wp-image-1728 alignleft\" src=\"http:\/\/grundschule-wichern.de\/wp-content\/uploads\/2021\/12\/rehmerbuehne-225x300.jpg\" alt=\"Petterson\" width=\"225\" height=\"300\" srcset=\"http:\/\/grundschule-wichern.de\/wp-content\/uploads\/2021\/12\/rehmerbuehne-225x300.jpg 225w, http:\/\/grundschule-wichern.de\/wp-content\/uploads\/2021\/12\/rehmerbuehne-113x150.jpg 113w, http:\/\/grundschule-wichern.de\/wp-content\/uploads\/2021\/12\/rehmerbuehne-rotated.jpg 480w\" sizes=\"auto, (max-width: 225px) 100vw, 225px\" \/>Das kleine Theater in Rehme hat uns vor den Weihnachtsferien eine gro\u00dfe Freude bereitet. \u00dcber das F\u00f6rderprogramm &#8222;Aufholen nach Corona&#8220; konnten zwei Vorstellungen im Mittelpunkt der Wichern Grundschule finanziert werden. Das liebevoll weihnachtliche St\u00fcck &#8222;Petterson und Findus feiern Weihnachten&#8220; begeisterte unsere ersten und zweiten Klassen. Die Kinder von der Lohe hatten sich mit dem Bus auf den Weg gemacht und die Augen der Kinder leuchteten, als Petterson und Findus ihr Abenteuer rund um den au\u00dfergew\u00f6hnlichen Weihnachtsbaum pr\u00e4sentierten. Viele Kinder hatten in der vorangegangenen Corona Zeit noch nicht die M\u00f6glichkeit gehabt, ein Theaterst\u00fcck zu sehen.&nbsp; Gro\u00dfe Begeisterung l\u00f6ste der Schneefall mit Schlittenfahrt von Findus aus &#8211; eine rundherum gelungene Aktion.<\/p>\n","protected":false},"excerpt":{"rendered":"<p>Das kleine Theater in Rehme hat uns vor den Weihnachtsferien eine gro\u00dfe Freude bereitet. \u00dcber das F\u00f6rderprogramm &#8222;Aufholen nach Corona&#8220; konnten zwei Vorstellungen im Mittelpunkt der Wichern Grundschule finanziert werden. Das liebevoll weihnachtliche St\u00fcck &#8222;Petterson und Findus feiern Weihnachten&#8220; begeisterte unsere ersten und zweiten Klassen. Die Kinder von der Lohe&hellip; mehr lesen<\/p>\n","protected":false},"author":4,"featured_media":1728,"comment_status":"closed","ping_status":"open","sticky":false,"template":"","format":"standard","meta":{"_uag_custom_page_level_css":"","jetpack_post_was_ever_published":false,"_jetpack_newsletter_access":"","_jetpack_dont_email_post_to_subs":false,"_jetpack_newsletter_tier_id":0,"_jetpack_memberships_contains_paywalled_content":false,"_jetpack_memberships_contains_paid_content":false,"footnotes":"","jetpack_publicize_message":"","jetpack_publicize_feature_enabled":true,"jetpack_social_post_already_shared":true,"jetpack_social_options":{"image_generator_settings":{"template":"highway","default_image_id":0,"enabled":false},"version":2}},"categories":[3,13,20],"tags":[],"class_list":["post-1727","post","type-post","status-publish","format-standard","has-post-thumbnail","hentry","category-aktuelles","category-slider","category-schuljahr-2021-2022"],"jetpack_publicize_connections":[],"jetpack_featured_media_url":"http:\/\/grundschule-wichern.de\/wp-content\/uploads\/2021\/12\/rehmerbuehne-rotated.jpg","uagb_featured_image_src":{"full":["http:\/\/grundschule-wichern.de\/wp-content\/uploads\/2021\/12\/rehmerbuehne-rotated.jpg",480,640,false],"thumbnail":["http:\/\/grundschule-wichern.de\/wp-content\/uploads\/2021\/12\/rehmerbuehne-150x150.jpg",150,150,true],"medium":["http:\/\/grundschule-wichern.de\/wp-content\/uploads\/2021\/12\/rehmerbuehne-225x300.jpg",225,300,true],"medium_large":["http:\/\/grundschule-wichern.de\/wp-content\/uploads\/2021\/12\/rehmerbuehne-rotated.jpg",480,640,false],"large":["http:\/\/grundschule-wichern.de\/wp-content\/uploads\/2021\/12\/rehmerbuehne-rotated.jpg",480,640,false],"1536x1536":["http:\/\/grundschule-wichern.de\/wp-content\/uploads\/2021\/12\/rehmerbuehne-rotated.jpg",480,640,false],"2048x2048":["http:\/\/grundschule-wichern.de\/wp-content\/uploads\/2021\/12\/rehmerbuehne-rotated.jpg",480,640,false],"custom":["http:\/\/grundschule-wichern.de\/wp-content\/uploads\/2021\/12\/rehmerbuehne-480x350.jpg",480,350,true],"post-thumbnail":["http:\/\/grundschule-wichern.de\/wp-content\/uploads\/2021\/12\/rehmerbuehne-113x150.jpg",113,150,true],"header":["http:\/\/grundschule-wichern.de\/wp-content\/uploads\/2021\/12\/rehmerbuehne-480x200.jpg",480,200,true],"slider":["http:\/\/grundschule-wichern.de\/wp-content\/uploads\/2021\/12\/rehmerbuehne-480x410.jpg",480,410,true],"columns":["http:\/\/grundschule-wichern.de\/wp-content\/uploads\/2021\/12\/rehmerbuehne-327x300.jpg",327,300,true],"sow-carousel-default":["http:\/\/grundschule-wichern.de\/wp-content\/uploads\/2021\/12\/rehmerbuehne-272x182.jpg",272,182,true]},"uagb_author_info":{"display_name":"Anja Huck","author_link":"http:\/\/grundschule-wichern.de\/?author=4"},"uagb_comment_info":0,"uagb_excerpt":"Das kleine Theater in Rehme hat uns vor den Weihnachtsferien eine gro\u00dfe Freude bereitet. \u00dcber das F\u00f6rderprogramm &#8222;Aufholen nach Corona&#8220; konnten zwei Vorstellungen im Mittelpunkt der Wichern Grundschule finanziert werden. Das liebevoll weihnachtliche St\u00fcck &#8222;Petterson und Findus feiern Weihnachten&#8220; begeisterte unsere ersten und zweiten Klassen. Die Kinder von der Lohe&hellip; mehr lesen","jetpack_sharing_enabled":true,"jetpack_shortlink":"https:\/\/wp.me\/p9HPiT-rR","_links":{"self":[{"href":"http:\/\/grundschule-wichern.de\/index.php?rest_route=\/wp\/v2\/posts\/1727","targetHints":{"allow":["GET"]}}],"collection":[{"href":"http:\/\/grundschule-wichern.de\/index.php?rest_route=\/wp\/v2\/posts"}],"about":[{"href":"http:\/\/grundschule-wichern.de\/index.php?rest_route=\/wp\/v2\/types\/post"}],"author":[{"embeddable":true,"href":"http:\/\/grundschule-wichern.de\/index.php?rest_route=\/wp\/v2\/users\/4"}],"replies":[{"embeddable":true,"href":"http:\/\/grundschule-wichern.de\/index.php?rest_route=%2Fwp%2Fv2%2Fcomments&post=1727"}],"version-history":[{"count":2,"href":"http:\/\/grundschule-wichern.de\/index.php?rest_route=\/wp\/v2\/posts\/1727\/revisions"}],"predecessor-version":[{"id":1778,"href":"http:\/\/grundschule-wichern.de\/index.php?rest_route=\/wp\/v2\/posts\/1727\/revisions\/1778"}],"wp:featuredmedia":[{"embeddable":true,"href":"http:\/\/grundschule-wichern.de\/index.php?rest_route=\/wp\/v2\/media\/1728"}],"wp:attachment":[{"href":"http:\/\/grundschule-wichern.de\/index.php?rest_route=%2Fwp%2Fv2%2Fmedia&parent=1727"}],"wp:term":[{"taxonomy":"category","embeddable":true,"href":"http:\/\/grundschule-wichern.de\/index.php?rest_route=%2Fwp%2Fv2%2Fcategories&post=1727"},{"taxonomy":"post_tag","embeddable":true,"href":"http:\/\/grundschule-wichern.de\/index.php?rest_route=%2Fwp%2Fv2%2Ftags&post=1727"}],"curies":[{"name":"wp","href":"https:\/\/api.w.org\/{rel}","templated":true}]}}