{"id":1700,"date":"2021-06-03T14:29:13","date_gmt":"2021-06-03T14:29:13","guid":{"rendered":"http:\/\/grundschule-wichern.de\/?p=1700"},"modified":"2022-03-13T11:34:11","modified_gmt":"2022-03-13T11:34:11","slug":"begruessungsfilm-fuer-unsere-schulanfaenger","status":"publish","type":"post","link":"http:\/\/grundschule-wichern.de\/?p=1700","title":{"rendered":"Begr\u00fc\u00dfungsfilm f\u00fcr unsere Schulanf\u00e4nger"},"content":{"rendered":"<p>Da unser Begr\u00fc\u00dfungstreffen mit den kommenden Schulanf\u00e4ngern leider abgesagt werden musste, haben die Klassenlehrerinnen der zuk\u00fcnftigen 1. Klassen einen Film f\u00fcr die Kinder erstellt:<\/p>\n<div style=\"width: 1280px;\" class=\"wp-video\"><!--[if lt IE 9]><script>document.createElement('video');<\/script><![endif]-->\n<video class=\"wp-video-shortcode\" id=\"video-1700-1\" width=\"1280\" height=\"720\" preload=\"metadata\" controls=\"controls\"><source type=\"video\/mp4\" src=\"http:\/\/grundschule-wichern.de\/wp-content\/uploads\/2021\/06\/Vorstellung.mp4?_=1\" \/><a href=\"http:\/\/grundschule-wichern.de\/wp-content\/uploads\/2021\/06\/Vorstellung.mp4\">http:\/\/grundschule-wichern.de\/wp-content\/uploads\/2021\/06\/Vorstellung.mp4<\/a><\/video><\/div>\n<p>&nbsp;<\/p>\n","protected":false},"excerpt":{"rendered":"<p>Da unser Begr\u00fc\u00dfungstreffen mit den kommenden Schulanf\u00e4ngern leider abgesagt werden musste, haben die Klassenlehrerinnen der zuk\u00fcnftigen 1. Klassen einen Film f\u00fcr die Kinder erstellt: &nbsp; mehr lesen<\/p>\n","protected":false},"author":2,"featured_media":0,"comment_status":"closed","ping_status":"open","sticky":false,"template":"","format":"standard","meta":{"_uag_custom_page_level_css":"","jetpack_post_was_ever_published":false,"_jetpack_newsletter_access":"","_jetpack_dont_email_post_to_subs":false,"_jetpack_newsletter_tier_id":0,"_jetpack_memberships_contains_paywalled_content":false,"_jetpack_memberships_contains_paid_content":false,"footnotes":"","jetpack_publicize_message":"","jetpack_publicize_feature_enabled":true,"jetpack_social_post_already_shared":true,"jetpack_social_options":{"image_generator_settings":{"template":"highway","default_image_id":0,"enabled":false},"version":2}},"categories":[13,3,20],"tags":[],"class_list":["post-1700","post","type-post","status-publish","format-standard","hentry","category-slider","category-aktuelles","category-schuljahr-2021-2022"],"jetpack_publicize_connections":[],"jetpack_featured_media_url":"","uagb_featured_image_src":{"full":false,"thumbnail":false,"medium":false,"medium_large":false,"large":false,"1536x1536":false,"2048x2048":false,"custom":false,"post-thumbnail":false,"header":false,"slider":false,"columns":false,"sow-carousel-default":false},"uagb_author_info":{"display_name":"Sebastian Pl\u00f6ger","author_link":"http:\/\/grundschule-wichern.de\/?author=2"},"uagb_comment_info":0,"uagb_excerpt":"Da unser Begr\u00fc\u00dfungstreffen mit den kommenden Schulanf\u00e4ngern leider abgesagt werden musste, haben die Klassenlehrerinnen der zuk\u00fcnftigen 1. Klassen einen Film f\u00fcr die Kinder erstellt: &nbsp; mehr lesen","jetpack_sharing_enabled":true,"jetpack_shortlink":"https:\/\/wp.me\/p9HPiT-rq","_links":{"self":[{"href":"http:\/\/grundschule-wichern.de\/index.php?rest_route=\/wp\/v2\/posts\/1700","targetHints":{"allow":["GET"]}}],"collection":[{"href":"http:\/\/grundschule-wichern.de\/index.php?rest_route=\/wp\/v2\/posts"}],"about":[{"href":"http:\/\/grundschule-wichern.de\/index.php?rest_route=\/wp\/v2\/types\/post"}],"author":[{"embeddable":true,"href":"http:\/\/grundschule-wichern.de\/index.php?rest_route=\/wp\/v2\/users\/2"}],"replies":[{"embeddable":true,"href":"http:\/\/grundschule-wichern.de\/index.php?rest_route=%2Fwp%2Fv2%2Fcomments&post=1700"}],"version-history":[{"count":1,"href":"http:\/\/grundschule-wichern.de\/index.php?rest_route=\/wp\/v2\/posts\/1700\/revisions"}],"predecessor-version":[{"id":1702,"href":"http:\/\/grundschule-wichern.de\/index.php?rest_route=\/wp\/v2\/posts\/1700\/revisions\/1702"}],"wp:attachment":[{"href":"http:\/\/grundschule-wichern.de\/index.php?rest_route=%2Fwp%2Fv2%2Fmedia&parent=1700"}],"wp:term":[{"taxonomy":"category","embeddable":true,"href":"http:\/\/grundschule-wichern.de\/index.php?rest_route=%2Fwp%2Fv2%2Fcategories&post=1700"},{"taxonomy":"post_tag","embeddable":true,"href":"http:\/\/grundschule-wichern.de\/index.php?rest_route=%2Fwp%2Fv2%2Ftags&post=1700"}],"curies":[{"name":"wp","href":"https:\/\/api.w.org\/{rel}","templated":true}]}}