{"id":1508,"date":"2020-06-24T09:30:19","date_gmt":"2020-06-24T09:30:19","guid":{"rendered":"http:\/\/grundschule-wichern.de\/?p=1508"},"modified":"2022-03-13T10:21:24","modified_gmt":"2022-03-13T10:21:24","slug":"der-letzte-flur","status":"publish","type":"post","link":"http:\/\/grundschule-wichern.de\/?p=1508","title":{"rendered":"Der letzte Flur"},"content":{"rendered":"<p><img loading=\"lazy\" decoding=\"async\" class=\"size-medium wp-image-1509 alignleft\" src=\"http:\/\/grundschule-wichern.de\/wp-content\/uploads\/2020\/06\/letzterflur-225x300.jpg\" alt=\"\" width=\"225\" height=\"300\" srcset=\"http:\/\/grundschule-wichern.de\/wp-content\/uploads\/2020\/06\/letzterflur-225x300.jpg 225w, http:\/\/grundschule-wichern.de\/wp-content\/uploads\/2020\/06\/letzterflur-113x150.jpg 113w, http:\/\/grundschule-wichern.de\/wp-content\/uploads\/2020\/06\/letzterflur-rotated.jpg 480w\" sizes=\"auto, (max-width: 225px) 100vw, 225px\" \/><\/p>\n<p><strong>Der letzte Flur ist dran<\/strong><\/p>\n<p>ein besonderes Schuljahr geht zu Ende &#8211; wie in jedem Jahr, gehen die Sch\u00fclerinnen und Sch\u00fcler und die Handwerker kommen.<\/p>\n<p>Das zweite Obergeschoss wird nach den Herbstferien die neue Heimat der zuk\u00fcnftigen dritten Klassen. Die R\u00e4ume werden komplett saniert und f\u00fcr modernen Unterricht hergerichtet. Beamer unter der Decke, Gigabit Netzwerk mit WLan und LED Licht &#8211; darauf freuen wir uns.<\/p>\n<p>Die Elektriker haben schon mal den Startschuss gegeben und die alten Lampen, Steckdosen und Schalt er ausgebaut.<\/p>\n<p><img loading=\"lazy\" decoding=\"async\" class=\"size-medium wp-image-1545 alignleft\" src=\"http:\/\/grundschule-wichern.de\/wp-content\/uploads\/2020\/06\/Flurfertig-225x300.jpg\" alt=\"\" width=\"225\" height=\"300\" srcset=\"http:\/\/grundschule-wichern.de\/wp-content\/uploads\/2020\/06\/Flurfertig-225x300.jpg 225w, http:\/\/grundschule-wichern.de\/wp-content\/uploads\/2020\/06\/Flurfertig-113x150.jpg 113w, http:\/\/grundschule-wichern.de\/wp-content\/uploads\/2020\/06\/Flurfertig.jpg 480w\" sizes=\"auto, (max-width: 225px) 100vw, 225px\" \/><strong>Fast fertig!<\/strong><\/p>\n<p>Die Arbeiten am Fu\u00dfboden sind in vollem Gange und der Umzug der Klassen in die neuen R\u00e4ume ist f\u00fcr die Herbstferien geplant. Eine fast dreij\u00e4hrige Bauphase geht dann zu Ende.<\/p>\n","protected":false},"excerpt":{"rendered":"<p>Der letzte Flur ist dran ein besonderes Schuljahr geht zu Ende &#8211; wie in jedem Jahr, gehen die Sch\u00fclerinnen und Sch\u00fcler und die Handwerker kommen. Das zweite Obergeschoss wird nach den Herbstferien die neue Heimat der zuk\u00fcnftigen dritten Klassen. Die R\u00e4ume werden komplett saniert und f\u00fcr modernen Unterricht hergerichtet. Beamer&hellip; mehr lesen<\/p>\n","protected":false},"author":4,"featured_media":0,"comment_status":"closed","ping_status":"open","sticky":false,"template":"","format":"standard","meta":{"_uag_custom_page_level_css":"","jetpack_post_was_ever_published":false,"_jetpack_newsletter_access":"","_jetpack_dont_email_post_to_subs":false,"_jetpack_newsletter_tier_id":0,"_jetpack_memberships_contains_paywalled_content":false,"_jetpack_memberships_contains_paid_content":false,"footnotes":"","jetpack_publicize_message":"","jetpack_publicize_feature_enabled":true,"jetpack_social_post_already_shared":true,"jetpack_social_options":{"image_generator_settings":{"template":"highway","default_image_id":0,"enabled":false},"version":2}},"categories":[3,18],"tags":[],"class_list":["post-1508","post","type-post","status-publish","format-standard","hentry","category-aktuelles","category-schuljahr-2019-2020"],"jetpack_publicize_connections":[],"jetpack_featured_media_url":"","uagb_featured_image_src":{"full":false,"thumbnail":false,"medium":false,"medium_large":false,"large":false,"1536x1536":false,"2048x2048":false,"custom":false,"post-thumbnail":false,"header":false,"slider":false,"columns":false,"sow-carousel-default":false},"uagb_author_info":{"display_name":"Anja Huck","author_link":"http:\/\/grundschule-wichern.de\/?author=4"},"uagb_comment_info":0,"uagb_excerpt":"Der letzte Flur ist dran ein besonderes Schuljahr geht zu Ende &#8211; wie in jedem Jahr, gehen die Sch\u00fclerinnen und Sch\u00fcler und die Handwerker kommen. Das zweite Obergeschoss wird nach den Herbstferien die neue Heimat der zuk\u00fcnftigen dritten Klassen. Die R\u00e4ume werden komplett saniert und f\u00fcr modernen Unterricht hergerichtet. Beamer&hellip; mehr lesen","jetpack_sharing_enabled":true,"jetpack_shortlink":"https:\/\/wp.me\/p9HPiT-ok","_links":{"self":[{"href":"http:\/\/grundschule-wichern.de\/index.php?rest_route=\/wp\/v2\/posts\/1508","targetHints":{"allow":["GET"]}}],"collection":[{"href":"http:\/\/grundschule-wichern.de\/index.php?rest_route=\/wp\/v2\/posts"}],"about":[{"href":"http:\/\/grundschule-wichern.de\/index.php?rest_route=\/wp\/v2\/types\/post"}],"author":[{"embeddable":true,"href":"http:\/\/grundschule-wichern.de\/index.php?rest_route=\/wp\/v2\/users\/4"}],"replies":[{"embeddable":true,"href":"http:\/\/grundschule-wichern.de\/index.php?rest_route=%2Fwp%2Fv2%2Fcomments&post=1508"}],"version-history":[{"count":3,"href":"http:\/\/grundschule-wichern.de\/index.php?rest_route=\/wp\/v2\/posts\/1508\/revisions"}],"predecessor-version":[{"id":1547,"href":"http:\/\/grundschule-wichern.de\/index.php?rest_route=\/wp\/v2\/posts\/1508\/revisions\/1547"}],"wp:attachment":[{"href":"http:\/\/grundschule-wichern.de\/index.php?rest_route=%2Fwp%2Fv2%2Fmedia&parent=1508"}],"wp:term":[{"taxonomy":"category","embeddable":true,"href":"http:\/\/grundschule-wichern.de\/index.php?rest_route=%2Fwp%2Fv2%2Fcategories&post=1508"},{"taxonomy":"post_tag","embeddable":true,"href":"http:\/\/grundschule-wichern.de\/index.php?rest_route=%2Fwp%2Fv2%2Ftags&post=1508"}],"curies":[{"name":"wp","href":"https:\/\/api.w.org\/{rel}","templated":true}]}}